{"id":1711,"date":"2024-06-07T17:11:12","date_gmt":"2024-06-07T17:11:12","guid":{"rendered":"https:\/\/victoriadelgeniesse.com\/senza-categoria\/1711\/"},"modified":"2026-02-22T11:20:18","modified_gmt":"2026-02-22T11:20:18","slug":"1711","status":"publish","type":"post","link":"https:\/\/victoriadelgeniesse.com\/it\/senza-categoria\/1711\/","title":{"rendered":"Colori, forme &#038; materiali"},"content":{"rendered":"<p>[et_pb_section fb_built=&#8221;1&#8243; custom_padding_last_edited=&#8221;on|phone&#8221; _builder_version=&#8221;4.25.0&#8243; _module_preset=&#8221;default&#8221; custom_padding=&#8221;70px|20px|70px|20px|false|false&#8221; custom_padding_tablet=&#8221;40px||40px||false|false&#8221; custom_padding_phone=&#8221;0px||0px||false|false&#8221; locked=&#8221;off&#8221; global_colors_info=&#8221;{}&#8221;][et_pb_row _builder_version=&#8221;4.25.0&#8243; _module_preset=&#8221;default&#8221; global_colors_info=&#8221;{}&#8221;][et_pb_column type=&#8221;4_4&#8243; _builder_version=&#8221;4.25.0&#8243; _module_preset=&#8221;default&#8221; global_colors_info=&#8221;{}&#8221;][et_pb_post_title meta=&#8221;off&#8221; featured_image=&#8221;off&#8221; _builder_version=&#8221;4.25.0&#8243; _module_preset=&#8221;default&#8221; title_font=&#8221;|700|||||||&#8221; title_font_size=&#8221;30px&#8221; title_font_size_tablet=&#8221;30px&#8221; title_font_size_phone=&#8221;24px&#8221; title_font_size_last_edited=&#8221;on|phone&#8221; global_colors_info=&#8221;{}&#8221;][\/et_pb_post_title][et_pb_text _builder_version=&#8221;4.25.0&#8243; _module_preset=&#8221;default&#8221; header_2_font=&#8221;Shadows Into Light||||||||&#8221; header_2_text_color=&#8221;#FF0000&#8243; header_2_font_size=&#8221;30px&#8221; global_colors_info=&#8221;{}&#8221;]<\/p>\n<p><em><span>In un interno, e un po\u2019 come ovunque del resto, tutto \u00e8 una questione di equilibrio e armonia. Immaginatevi in uno spazio fatto di un solo materiale. Dopo un po\u2019, a forza di viverci, ci si stanca, ci si sente soffocare, non ci si sente pi\u00f9 cos\u00ec bene. E a ragione, perch\u00e9 ogni materiale emana una certa vibrazione.<\/span><\/em><\/p>\n<p><\/p>\n<p><span>Materiali, luce e forme definiscono uno spazio, al di l\u00e0 degli oggetti che lo occupano. A questo si aggiunge il colore. Certo, entrano in gioco anche gli odori, i suoni, tutto ci\u00f2 che risveglia i nostri sensi, ma concentriamoci per il momento sull\u2019aspetto materiale.<\/span><\/p>\n<p><\/p>\n<blockquote>\n<p><span>Un appartamento ben proporzionato con un bel parquet antico, una splendida luce che entra da un\u2019ampia vetrata, una bella parete di un colore leggero: ci si sente subito bene, si ha voglia di immaginarsi l\u00ec, di passarci del tempo. Al contrario, si evitano spazi angusti, spigolosi, bui e spenti.<\/span><\/p>\n<\/blockquote>\n<p><\/p>\n<p><span>\u00c8 importante bilanciare i materiali. Tessuti, legno, pietra, vetro, metallo\u2026 prestate attenzione a ci\u00f2 che \u00e8 presente nel vostro spazio. Ogni materiale sprigiona una certa energia. Anche se siete amanti del total look (ad esempio in rattan), andrete a controbilanciare con del tessuto, un tappeto, un tavolo in vetro. Non mi piace parlare di regole ma piuttosto di buon senso, pur facendo sempre attenzione alla vostra prima sensazione. Poich\u00e9 il vostro spazio \u00e8 in relazione diretta con voi stessi, \u00e8 normale che una persona pi\u00f9 discreta privilegi il legno e i colori delicati, mentre una persona dal temperamento pi\u00f9 deciso assumer\u00e0 pi\u00f9 facilmente una parete rossa o un tavolo in pietra. Ancora una volta non esiste una norma: seguite i vostri desideri e scegliete elementi che suscitano qualcosa in voi.<\/span><\/p>\n<p><\/p>\n<p><span>Vorrei attirare la vostra attenzione su uno strumento: la ruota dei colori e l\u2019osservazione dei colori complementari:<\/span><\/p>\n<p>[\/et_pb_text][et_pb_image src=&#8221;https:\/\/victoriadelgeniesse.com\/wp-content\/uploads\/2024\/06\/tumblr_inline_ns95knbDML1sut5ft_540-300&#215;297-1.jpeg&#8221; title_text=&#8221;tumblr_inline_ns95knbDML1sut5ft_540-300&#215;297&#8243; _builder_version=&#8221;4.25.0&#8243; _module_preset=&#8221;default&#8221; global_colors_info=&#8221;{}&#8221;][\/et_pb_image][et_pb_text _builder_version=&#8221;4.25.0&#8243; _module_preset=&#8221;default&#8221; header_2_font=&#8221;Shadows Into Light||||||||&#8221; header_2_text_color=&#8221;#FF0000&#8243; header_2_font_size=&#8221;30px&#8221; global_colors_info=&#8221;{}&#8221;]<\/p>\n<p><span>Parleremo di tonalit\u00e0, luminosit\u00e0 e saturazione.<\/span><\/p>\n<p><\/p>\n<p><span>-La tonalit\u00e0 = la natura del colore: giallo, verde, blu\u2026<\/span><\/p>\n<p><\/p>\n<p><span>-La luminosit\u00e0 = indica se il colore \u00e8 chiaro o scuro<\/span><\/p>\n<p><\/p>\n<p><span>-La saturazione = indica se il colore \u00e8 vivace o spento<\/span><\/p>\n<p><\/p>\n<p><span>Oltre al tono su tono (un verde pi\u00f9 chiaro con un verde pi\u00f9 scuro), per abbinare i colori si utilizzano generalmente i colori complementari. I colori complementari sono colori la cui tonalit\u00e0 \u00e8 opposta nel cerchio cromatico.<\/span><\/p>\n<p><\/p>\n<p><span>I 4 colori di base che formano tutti gli altri sono il Ciano, il Magenta, il Giallo e il Nero (CMYK). A partire da questi si ottengono gli altri, cio\u00e8 tutti quelli che si trovano in mezzo: si mescolano ciano e magenta per ottenere il viola, magenta e giallo per ottenere l\u2019arancione, giallo e ciano per ottenere il verde.<\/span><\/p>\n<p><\/p>\n<p><em><span>Osate con il colore!<\/span><\/em><\/p>\n<p><\/p>\n<p><span>All\u2019inizio, se non avete molta dimestichezza con i colori, \u00e8 consigliabile utilizzare i colori complementari per aiutarvi a trovare delle combinazioni, se non volete limitarvi al tono su tono.<\/span><\/p>\n<p><\/p>\n<p><span>Per esempio: un rosa con un verde \u2013 un arancione con un azzurro cielo\u2026<\/span><\/p>\n<p><\/p>\n<p><span>Una volta scelta la tonalit\u00e0, giocherete con la luminosit\u00e0 e la saturazione.<\/span><\/p>\n<p><\/p>\n<p><span>Il rosa diventa pastello e il verde pistacchio (colori luminosi ma meno saturi) oppure un arancione vivace (saturo e luminoso) con un azzurro cielo (anch\u2019esso luminoso e saturo). Un colore chiaro pu\u00f2 essere comunque spento per l\u2019occhio: pensate al beige o al tortora!<\/span><\/p>\n<p><\/p>\n<p><span>Spesso si pensa che per illuminare una stanza si debba usare il bianco, ma esistono tanti colori che possono portare luce: tutto dipende dalla loro saturazione e luminosit\u00e0.<\/span><\/p>\n<p><\/p>\n<p><span>Questo articolo vi \u00e8 piaciuto?<\/span><\/p>\n<p><\/p>\n<p><span>Non esitate a lasciare le vostre impressioni nei commenti e ad iscrivervi per altri articoli<\/span><span>\u263a<\/span><span> <\/span><\/p>\n<p>[\/et_pb_text][\/et_pb_column][\/et_pb_row][\/et_pb_section]<\/p>\n","protected":false},"excerpt":{"rendered":"<p>In un interno, e un po\u2019 come ovunque del resto, tutto \u00e8 una questione di equilibrio e armonia. Immaginatevi in uno spazio fatto di un solo materiale. Dopo un po\u2019, a forza di viverci, ci si stanca, ci si sente soffocare, non ci si sente pi\u00f9 cos\u00ec bene. E a ragione, perch\u00e9 ogni materiale emana [&hellip;]<\/p>\n","protected":false},"author":1,"featured_media":1712,"comment_status":"open","ping_status":"open","sticky":false,"template":"","format":"standard","meta":{"_et_pb_use_builder":"on","_et_pb_old_content":"","_et_gb_content_width":"","footnotes":""},"categories":[10],"tags":[],"class_list":["post-1711","post","type-post","status-publish","format-standard","has-post-thumbnail","hentry","category-senza-categoria"],"yoast_head":"<!-- This site is optimized with the Yoast SEO plugin v27.5 - https:\/\/yoast.com\/product\/yoast-seo-wordpress\/ -->\n<title>Colori, forme &amp; materiali - Victoria Delgeniesse<\/title>\n<meta name=\"robots\" content=\"index, follow, max-snippet:-1, max-image-preview:large, max-video-preview:-1\" \/>\n<link rel=\"canonical\" href=\"https:\/\/victoriadelgeniesse.com\/it\/senza-categoria\/1711\/\" \/>\n<meta property=\"og:locale\" content=\"it_IT\" \/>\n<meta property=\"og:type\" content=\"article\" \/>\n<meta property=\"og:title\" content=\"Colori, forme &amp; materiali - Victoria Delgeniesse\" \/>\n<meta property=\"og:description\" content=\"In un interno, e un po\u2019 come ovunque del resto, tutto \u00e8 una questione di equilibrio e armonia. Immaginatevi in uno spazio fatto di un solo materiale. Dopo un po\u2019, a forza di viverci, ci si stanca, ci si sente soffocare, non ci si sente pi\u00f9 cos\u00ec bene. E a ragione, perch\u00e9 ogni materiale emana [&hellip;]\" \/>\n<meta property=\"og:url\" content=\"https:\/\/victoriadelgeniesse.com\/it\/senza-categoria\/1711\/\" \/>\n<meta property=\"og:site_name\" content=\"Victoria Delgeniesse\" \/>\n<meta property=\"article:published_time\" content=\"2024-06-07T17:11:12+00:00\" \/>\n<meta property=\"article:modified_time\" content=\"2026-02-22T11:20:18+00:00\" \/>\n<meta property=\"og:image\" content=\"https:\/\/victoriadelgeniesse.com\/wp-content\/uploads\/2024\/06\/IMG_3986-984x1024-1.jpg\" \/>\n\t<meta property=\"og:image:width\" content=\"984\" \/>\n\t<meta property=\"og:image:height\" content=\"1024\" \/>\n\t<meta property=\"og:image:type\" content=\"image\/jpeg\" \/>\n<meta name=\"author\" content=\"kjaniky\" \/>\n<meta name=\"twitter:card\" content=\"summary_large_image\" \/>\n<meta name=\"twitter:label1\" content=\"Scritto da\" \/>\n\t<meta name=\"twitter:data1\" content=\"kjaniky\" \/>\n\t<meta name=\"twitter:label2\" content=\"Tempo di lettura stimato\" \/>\n\t<meta name=\"twitter:data2\" content=\"4 minuti\" \/>\n<script type=\"application\/ld+json\" class=\"yoast-schema-graph\">{\"@context\":\"https:\\\/\\\/schema.org\",\"@graph\":[{\"@type\":\"Article\",\"@id\":\"https:\\\/\\\/victoriadelgeniesse.com\\\/it\\\/senza-categoria\\\/1711\\\/#article\",\"isPartOf\":{\"@id\":\"https:\\\/\\\/victoriadelgeniesse.com\\\/it\\\/senza-categoria\\\/1711\\\/\"},\"author\":{\"name\":\"kjaniky\",\"@id\":\"https:\\\/\\\/victoriadelgeniesse.com\\\/it\\\/#\\\/schema\\\/person\\\/2a5dc88dac2bfd86c14904b3a23e4dd9\"},\"headline\":\"Colori, forme &#038; materiali\",\"datePublished\":\"2024-06-07T17:11:12+00:00\",\"dateModified\":\"2026-02-22T11:20:18+00:00\",\"mainEntityOfPage\":{\"@id\":\"https:\\\/\\\/victoriadelgeniesse.com\\\/it\\\/senza-categoria\\\/1711\\\/\"},\"wordCount\":790,\"commentCount\":0,\"image\":{\"@id\":\"https:\\\/\\\/victoriadelgeniesse.com\\\/it\\\/senza-categoria\\\/1711\\\/#primaryimage\"},\"thumbnailUrl\":\"https:\\\/\\\/victoriadelgeniesse.com\\\/wp-content\\\/uploads\\\/2024\\\/06\\\/IMG_3986-984x1024-1.jpg\",\"inLanguage\":\"it-IT\",\"potentialAction\":[{\"@type\":\"CommentAction\",\"name\":\"Comment\",\"target\":[\"https:\\\/\\\/victoriadelgeniesse.com\\\/it\\\/senza-categoria\\\/1711\\\/#respond\"]}]},{\"@type\":\"WebPage\",\"@id\":\"https:\\\/\\\/victoriadelgeniesse.com\\\/it\\\/senza-categoria\\\/1711\\\/\",\"url\":\"https:\\\/\\\/victoriadelgeniesse.com\\\/it\\\/senza-categoria\\\/1711\\\/\",\"name\":\"Colori, forme & materiali - Victoria Delgeniesse\",\"isPartOf\":{\"@id\":\"https:\\\/\\\/victoriadelgeniesse.com\\\/it\\\/#website\"},\"primaryImageOfPage\":{\"@id\":\"https:\\\/\\\/victoriadelgeniesse.com\\\/it\\\/senza-categoria\\\/1711\\\/#primaryimage\"},\"image\":{\"@id\":\"https:\\\/\\\/victoriadelgeniesse.com\\\/it\\\/senza-categoria\\\/1711\\\/#primaryimage\"},\"thumbnailUrl\":\"https:\\\/\\\/victoriadelgeniesse.com\\\/wp-content\\\/uploads\\\/2024\\\/06\\\/IMG_3986-984x1024-1.jpg\",\"datePublished\":\"2024-06-07T17:11:12+00:00\",\"dateModified\":\"2026-02-22T11:20:18+00:00\",\"author\":{\"@id\":\"https:\\\/\\\/victoriadelgeniesse.com\\\/it\\\/#\\\/schema\\\/person\\\/2a5dc88dac2bfd86c14904b3a23e4dd9\"},\"breadcrumb\":{\"@id\":\"https:\\\/\\\/victoriadelgeniesse.com\\\/it\\\/senza-categoria\\\/1711\\\/#breadcrumb\"},\"inLanguage\":\"it-IT\",\"potentialAction\":[{\"@type\":\"ReadAction\",\"target\":[\"https:\\\/\\\/victoriadelgeniesse.com\\\/it\\\/senza-categoria\\\/1711\\\/\"]}]},{\"@type\":\"ImageObject\",\"inLanguage\":\"it-IT\",\"@id\":\"https:\\\/\\\/victoriadelgeniesse.com\\\/it\\\/senza-categoria\\\/1711\\\/#primaryimage\",\"url\":\"https:\\\/\\\/victoriadelgeniesse.com\\\/wp-content\\\/uploads\\\/2024\\\/06\\\/IMG_3986-984x1024-1.jpg\",\"contentUrl\":\"https:\\\/\\\/victoriadelgeniesse.com\\\/wp-content\\\/uploads\\\/2024\\\/06\\\/IMG_3986-984x1024-1.jpg\",\"width\":984,\"height\":1024},{\"@type\":\"BreadcrumbList\",\"@id\":\"https:\\\/\\\/victoriadelgeniesse.com\\\/it\\\/senza-categoria\\\/1711\\\/#breadcrumb\",\"itemListElement\":[{\"@type\":\"ListItem\",\"position\":1,\"name\":\"Home\",\"item\":\"https:\\\/\\\/victoriadelgeniesse.com\\\/it\\\/\"},{\"@type\":\"ListItem\",\"position\":2,\"name\":\"Colori, forme &#038; materiali\"}]},{\"@type\":\"WebSite\",\"@id\":\"https:\\\/\\\/victoriadelgeniesse.com\\\/it\\\/#website\",\"url\":\"https:\\\/\\\/victoriadelgeniesse.com\\\/it\\\/\",\"name\":\"Victoria Delgeniesse\",\"description\":\"Ve Atelier: Architecture d&#039;int\u00e9rieur holistique \u00e0 Bruxelles\",\"potentialAction\":[{\"@type\":\"SearchAction\",\"target\":{\"@type\":\"EntryPoint\",\"urlTemplate\":\"https:\\\/\\\/victoriadelgeniesse.com\\\/it\\\/?s={search_term_string}\"},\"query-input\":{\"@type\":\"PropertyValueSpecification\",\"valueRequired\":true,\"valueName\":\"search_term_string\"}}],\"inLanguage\":\"it-IT\"},{\"@type\":\"Person\",\"@id\":\"https:\\\/\\\/victoriadelgeniesse.com\\\/it\\\/#\\\/schema\\\/person\\\/2a5dc88dac2bfd86c14904b3a23e4dd9\",\"name\":\"kjaniky\",\"image\":{\"@type\":\"ImageObject\",\"inLanguage\":\"it-IT\",\"@id\":\"https:\\\/\\\/secure.gravatar.com\\\/avatar\\\/9eb72dee76a5d90c6ac734d463a1f7cc3c3beef2d7f12a6e995268d3968b93c5?s=96&d=mm&r=g\",\"url\":\"https:\\\/\\\/secure.gravatar.com\\\/avatar\\\/9eb72dee76a5d90c6ac734d463a1f7cc3c3beef2d7f12a6e995268d3968b93c5?s=96&d=mm&r=g\",\"contentUrl\":\"https:\\\/\\\/secure.gravatar.com\\\/avatar\\\/9eb72dee76a5d90c6ac734d463a1f7cc3c3beef2d7f12a6e995268d3968b93c5?s=96&d=mm&r=g\",\"caption\":\"kjaniky\"},\"sameAs\":[\"https:\\\/\\\/victoriav2.boostartisanat.com\"],\"url\":\"https:\\\/\\\/victoriadelgeniesse.com\\\/it\\\/author\\\/kjaniky\\\/\"}]}<\/script>\n<!-- \/ Yoast SEO plugin. -->","yoast_head_json":{"title":"Colori, forme & materiali - Victoria Delgeniesse","robots":{"index":"index","follow":"follow","max-snippet":"max-snippet:-1","max-image-preview":"max-image-preview:large","max-video-preview":"max-video-preview:-1"},"canonical":"https:\/\/victoriadelgeniesse.com\/it\/senza-categoria\/1711\/","og_locale":"it_IT","og_type":"article","og_title":"Colori, forme & materiali - Victoria Delgeniesse","og_description":"In un interno, e un po\u2019 come ovunque del resto, tutto \u00e8 una questione di equilibrio e armonia. Immaginatevi in uno spazio fatto di un solo materiale. Dopo un po\u2019, a forza di viverci, ci si stanca, ci si sente soffocare, non ci si sente pi\u00f9 cos\u00ec bene. E a ragione, perch\u00e9 ogni materiale emana [&hellip;]","og_url":"https:\/\/victoriadelgeniesse.com\/it\/senza-categoria\/1711\/","og_site_name":"Victoria Delgeniesse","article_published_time":"2024-06-07T17:11:12+00:00","article_modified_time":"2026-02-22T11:20:18+00:00","og_image":[{"width":984,"height":1024,"url":"https:\/\/victoriadelgeniesse.com\/wp-content\/uploads\/2024\/06\/IMG_3986-984x1024-1.jpg","type":"image\/jpeg"}],"author":"kjaniky","twitter_card":"summary_large_image","twitter_misc":{"Scritto da":"kjaniky","Tempo di lettura stimato":"4 minuti"},"schema":{"@context":"https:\/\/schema.org","@graph":[{"@type":"Article","@id":"https:\/\/victoriadelgeniesse.com\/it\/senza-categoria\/1711\/#article","isPartOf":{"@id":"https:\/\/victoriadelgeniesse.com\/it\/senza-categoria\/1711\/"},"author":{"name":"kjaniky","@id":"https:\/\/victoriadelgeniesse.com\/it\/#\/schema\/person\/2a5dc88dac2bfd86c14904b3a23e4dd9"},"headline":"Colori, forme &#038; materiali","datePublished":"2024-06-07T17:11:12+00:00","dateModified":"2026-02-22T11:20:18+00:00","mainEntityOfPage":{"@id":"https:\/\/victoriadelgeniesse.com\/it\/senza-categoria\/1711\/"},"wordCount":790,"commentCount":0,"image":{"@id":"https:\/\/victoriadelgeniesse.com\/it\/senza-categoria\/1711\/#primaryimage"},"thumbnailUrl":"https:\/\/victoriadelgeniesse.com\/wp-content\/uploads\/2024\/06\/IMG_3986-984x1024-1.jpg","inLanguage":"it-IT","potentialAction":[{"@type":"CommentAction","name":"Comment","target":["https:\/\/victoriadelgeniesse.com\/it\/senza-categoria\/1711\/#respond"]}]},{"@type":"WebPage","@id":"https:\/\/victoriadelgeniesse.com\/it\/senza-categoria\/1711\/","url":"https:\/\/victoriadelgeniesse.com\/it\/senza-categoria\/1711\/","name":"Colori, forme & materiali - Victoria Delgeniesse","isPartOf":{"@id":"https:\/\/victoriadelgeniesse.com\/it\/#website"},"primaryImageOfPage":{"@id":"https:\/\/victoriadelgeniesse.com\/it\/senza-categoria\/1711\/#primaryimage"},"image":{"@id":"https:\/\/victoriadelgeniesse.com\/it\/senza-categoria\/1711\/#primaryimage"},"thumbnailUrl":"https:\/\/victoriadelgeniesse.com\/wp-content\/uploads\/2024\/06\/IMG_3986-984x1024-1.jpg","datePublished":"2024-06-07T17:11:12+00:00","dateModified":"2026-02-22T11:20:18+00:00","author":{"@id":"https:\/\/victoriadelgeniesse.com\/it\/#\/schema\/person\/2a5dc88dac2bfd86c14904b3a23e4dd9"},"breadcrumb":{"@id":"https:\/\/victoriadelgeniesse.com\/it\/senza-categoria\/1711\/#breadcrumb"},"inLanguage":"it-IT","potentialAction":[{"@type":"ReadAction","target":["https:\/\/victoriadelgeniesse.com\/it\/senza-categoria\/1711\/"]}]},{"@type":"ImageObject","inLanguage":"it-IT","@id":"https:\/\/victoriadelgeniesse.com\/it\/senza-categoria\/1711\/#primaryimage","url":"https:\/\/victoriadelgeniesse.com\/wp-content\/uploads\/2024\/06\/IMG_3986-984x1024-1.jpg","contentUrl":"https:\/\/victoriadelgeniesse.com\/wp-content\/uploads\/2024\/06\/IMG_3986-984x1024-1.jpg","width":984,"height":1024},{"@type":"BreadcrumbList","@id":"https:\/\/victoriadelgeniesse.com\/it\/senza-categoria\/1711\/#breadcrumb","itemListElement":[{"@type":"ListItem","position":1,"name":"Home","item":"https:\/\/victoriadelgeniesse.com\/it\/"},{"@type":"ListItem","position":2,"name":"Colori, forme &#038; materiali"}]},{"@type":"WebSite","@id":"https:\/\/victoriadelgeniesse.com\/it\/#website","url":"https:\/\/victoriadelgeniesse.com\/it\/","name":"Victoria Delgeniesse","description":"Ve Atelier: Architecture d&#039;int\u00e9rieur holistique \u00e0 Bruxelles","potentialAction":[{"@type":"SearchAction","target":{"@type":"EntryPoint","urlTemplate":"https:\/\/victoriadelgeniesse.com\/it\/?s={search_term_string}"},"query-input":{"@type":"PropertyValueSpecification","valueRequired":true,"valueName":"search_term_string"}}],"inLanguage":"it-IT"},{"@type":"Person","@id":"https:\/\/victoriadelgeniesse.com\/it\/#\/schema\/person\/2a5dc88dac2bfd86c14904b3a23e4dd9","name":"kjaniky","image":{"@type":"ImageObject","inLanguage":"it-IT","@id":"https:\/\/secure.gravatar.com\/avatar\/9eb72dee76a5d90c6ac734d463a1f7cc3c3beef2d7f12a6e995268d3968b93c5?s=96&d=mm&r=g","url":"https:\/\/secure.gravatar.com\/avatar\/9eb72dee76a5d90c6ac734d463a1f7cc3c3beef2d7f12a6e995268d3968b93c5?s=96&d=mm&r=g","contentUrl":"https:\/\/secure.gravatar.com\/avatar\/9eb72dee76a5d90c6ac734d463a1f7cc3c3beef2d7f12a6e995268d3968b93c5?s=96&d=mm&r=g","caption":"kjaniky"},"sameAs":["https:\/\/victoriav2.boostartisanat.com"],"url":"https:\/\/victoriadelgeniesse.com\/it\/author\/kjaniky\/"}]}},"_links":{"self":[{"href":"https:\/\/victoriadelgeniesse.com\/it\/wp-json\/wp\/v2\/posts\/1711","targetHints":{"allow":["GET"]}}],"collection":[{"href":"https:\/\/victoriadelgeniesse.com\/it\/wp-json\/wp\/v2\/posts"}],"about":[{"href":"https:\/\/victoriadelgeniesse.com\/it\/wp-json\/wp\/v2\/types\/post"}],"author":[{"embeddable":true,"href":"https:\/\/victoriadelgeniesse.com\/it\/wp-json\/wp\/v2\/users\/1"}],"replies":[{"embeddable":true,"href":"https:\/\/victoriadelgeniesse.com\/it\/wp-json\/wp\/v2\/comments?post=1711"}],"version-history":[{"count":4,"href":"https:\/\/victoriadelgeniesse.com\/it\/wp-json\/wp\/v2\/posts\/1711\/revisions"}],"predecessor-version":[{"id":1793,"href":"https:\/\/victoriadelgeniesse.com\/it\/wp-json\/wp\/v2\/posts\/1711\/revisions\/1793"}],"wp:featuredmedia":[{"embeddable":true,"href":"https:\/\/victoriadelgeniesse.com\/it\/wp-json\/wp\/v2\/media\/1712"}],"wp:attachment":[{"href":"https:\/\/victoriadelgeniesse.com\/it\/wp-json\/wp\/v2\/media?parent=1711"}],"wp:term":[{"taxonomy":"category","embeddable":true,"href":"https:\/\/victoriadelgeniesse.com\/it\/wp-json\/wp\/v2\/categories?post=1711"},{"taxonomy":"post_tag","embeddable":true,"href":"https:\/\/victoriadelgeniesse.com\/it\/wp-json\/wp\/v2\/tags?post=1711"}],"curies":[{"name":"wp","href":"https:\/\/api.w.org\/{rel}","templated":true}]}}