{"id":1720,"date":"2024-06-07T17:05:24","date_gmt":"2024-06-07T17:05:24","guid":{"rendered":"https:\/\/victoriadelgeniesse.com\/senza-categoria\/1720\/"},"modified":"2026-02-22T11:17:57","modified_gmt":"2026-02-22T11:17:57","slug":"1720","status":"publish","type":"post","link":"https:\/\/victoriadelgeniesse.com\/it\/senza-categoria\/1720\/","title":{"rendered":"Organizzare il proprio spazio: La camera da letto"},"content":{"rendered":"<p>[et_pb_section fb_built=&#8221;1&#8243; custom_padding_last_edited=&#8221;on|phone&#8221; _builder_version=&#8221;4.25.0&#8243; _module_preset=&#8221;default&#8221; custom_padding=&#8221;70px|20px|70px|20px|false|false&#8221; custom_padding_tablet=&#8221;40px||40px||false|false&#8221; custom_padding_phone=&#8221;0px||0px||false|false&#8221; global_colors_info=&#8221;{}&#8221; locked=&#8221;off&#8221; theme_builder_area=&#8221;post_content&#8221;][et_pb_row _builder_version=&#8221;4.25.0&#8243; _module_preset=&#8221;default&#8221; global_colors_info=&#8221;{}&#8221; theme_builder_area=&#8221;post_content&#8221;][et_pb_column type=&#8221;4_4&#8243; _builder_version=&#8221;4.25.0&#8243; _module_preset=&#8221;default&#8221; global_colors_info=&#8221;{}&#8221; theme_builder_area=&#8221;post_content&#8221;][et_pb_post_title meta=&#8221;off&#8221; featured_image=&#8221;off&#8221; _builder_version=&#8221;4.25.0&#8243; _module_preset=&#8221;default&#8221; title_font=&#8221;|700|||||||&#8221; title_font_size=&#8221;30px&#8221; title_font_size_tablet=&#8221;30px&#8221; title_font_size_phone=&#8221;24px&#8221; title_font_size_last_edited=&#8221;on|phone&#8221; global_colors_info=&#8221;{}&#8221; theme_builder_area=&#8221;post_content&#8221;][\/et_pb_post_title][et_pb_text _builder_version=&#8221;4.25.0&#8243; _module_preset=&#8221;default&#8221; header_2_font=&#8221;Shadows Into Light||||||||&#8221; header_2_text_color=&#8221;#FF0000&#8243; header_2_font_size=&#8221;30px&#8221; global_colors_info=&#8221;{}&#8221; theme_builder_area=&#8221;post_content&#8221;]<\/p>\n<p><em><span>Questo spazio cos\u00ec intimo, culla dei nostri sogni: per alcuni si dorme soltanto, ma per altri vi si trascorre molto pi\u00f9 tempo. Penso ai bambini, per i quali \u00e8 anche uno spazio di gioco; agli adolescenti che vi costruiscono un mondo e invitano gli amici; agli studenti che passano ore a studiare; o semplicemente a chi vive in monolocali e altri spazi multifunzionali dove convivono tante funzioni.<\/span><\/em><\/p>\n<p><\/p>\n<p>&nbsp;<\/p>\n<p><\/p>\n<p><span>Qualunque sia il vostro profilo e ci\u00f2 che desiderate fare di questo spazio, la funzione principale rester\u00e0 normalmente: dormire.<\/span><\/p>\n<p><\/p>\n<p><span>\u00c8 quindi fondamentale privilegiare un\u2019atmosfera calma e riposante per trascorrere notti di qualit\u00e0.<\/span><\/p>\n<p><\/p>\n<p><span>Ogni colore ha la propria energia, soprattutto in una camera da letto. Il colore influenza il sonno e in particolare la sua qualit\u00e0.<\/span><\/p>\n<p><\/p>\n<p><span>Il bianco resta il colore pi\u00f9 sicuro, ma a volte pu\u00f2 risultare un po\u2019 freddo.<\/span><\/p>\n<p><\/p>\n<p><span>Un azzurro chiaro con soffitto bianco \u00e8 molto delicato e rimane molto luminoso.<\/span><\/p>\n<p><\/p>\n<p><span>Colori \u201cda evitare\u201d: il rosso. Metto \u201cda evitare\u201d tra virgolette perch\u00e9 sostengo l\u2019idea che ogni persona sia diversa e abbia bisogni differenti. Per la maggior parte delle persone, il rosso \u00e8 sconsigliato per dormire perch\u00e9 \u00e8 un colore che risveglia una certa memoria primitiva, ci mette in allerta ed eccita il corpo, l\u2019opposto di ci\u00f2 che desideriamo per dormire. Tuttavia, a seconda del vostro carattere e della vostra personalit\u00e0, potreste avere bisogno di questo tipo di energia. \u00c8 importante mantenere sempre un certo spirito critico nei confronti dei consigli che leggete e porvi la domanda personalmente. Forse non siete \u201ccome tutti\u201d.<\/span><\/p>\n<p><\/p>\n<blockquote>\n<p><span>In sintesi, privilegiate quindi tonalit\u00e0 cosiddette \u201criposanti\u201d, non necessariamente chiare. Si pu\u00f2 avere un blu notte scuro e comunque molto dolce. Un terracotta, un verde menta, l\u2019importante \u00e8 che il colore non sia troppo vivace.<\/span><\/p>\n<\/blockquote>\n<p><\/p>\n<p><span>Fate vostro questo spazio anche se vi trascorrete \u201csolo\u201d la notte. Magari qualche oggetto personale sul comodino. Un quadro che vi emoziona. Questi elementi possono essere pi\u00f9 vivaci. Evitate per\u00f2 tutto ci\u00f2 che possa suscitare emozioni negative o nostalgiche. Non impregnate la stanza di troppi ricordi, non sovraccaricate semplicemente questo spazio. E ve lo dice un\u2019adepta del \u201cmore is more\u201d ;-).<\/span><\/p>\n<p><\/p>\n<p>&nbsp;<\/p>\n<p><\/p>\n<p><span>Se nella vostra camera c\u2019\u00e8 una scrivania, cercate di non averla direttamente davanti agli occhi. \u00c8 un po\u2019 come studiare sul letto: il cervello associa la funzione \u201cstudio\u201d alla funzione \u201csonno\u201d e le due si disturbano a vicenda.<\/span><\/p>\n<p><\/p>\n<p><span>Potete posizionarla in modo da non averla di fronte oppure utilizzare un paravento\u2026<\/span><\/p>\n<p><\/p>\n<p><span>Anche le piante sono generalmente sconsigliate in camera da letto perch\u00e9 rilasciano anidride carbonica durante la notte e, a lungo andare, pu\u00f2 essere nociva per voi. Tuttavia, alcune piante \u201cdepurative\u201d sono consentite: gelsomino, lavanda, aloe vera\u2026<\/span><\/p>\n<p><\/p>\n<p><span>Evitate anche di dormire davanti a uno specchio: ancora una volta, il riflesso dei vostri movimenti terr\u00e0 il cervello costantemente in allerta, risvegliando alcuni istinti primitivi.<\/span><\/p>\n<p><\/p>\n<p><span>Infine, arieggiate particolarmente questo spazio, soprattutto al risveglio dopo la notte. In ogni caso, \u00e8 consigliabile dormire in un ambiente fresco: ci\u00f2 favorisce un migliore addormentamento.<\/span><\/p>\n<p><\/p>\n<p>&nbsp;<\/p>\n<p><\/p>\n<p><span>Questo articolo vi \u00e8 stato utile? Postate i vostri tentativi nelle storie su Instagram\/Facebook con l\u2019hashtag #cinquiemeatelier e provate a vincere un coaching d\u00e9co \u263a<\/span><\/p>\n<p>[\/et_pb_text][\/et_pb_column][\/et_pb_row][\/et_pb_section]<\/p>\n","protected":false},"excerpt":{"rendered":"<p>Questo spazio cos\u00ec intimo, culla dei nostri sogni: per alcuni si dorme soltanto, ma per altri vi si trascorre molto pi\u00f9 tempo. Penso ai bambini, per i quali \u00e8 anche uno spazio di gioco; agli adolescenti che vi costruiscono un mondo e invitano gli amici; agli studenti che passano ore a studiare; o semplicemente a [&hellip;]<\/p>\n","protected":false},"author":1,"featured_media":1721,"comment_status":"open","ping_status":"open","sticky":false,"template":"","format":"standard","meta":{"_et_pb_use_builder":"on","_et_pb_old_content":"","_et_gb_content_width":"","footnotes":""},"categories":[10],"tags":[],"class_list":["post-1720","post","type-post","status-publish","format-standard","has-post-thumbnail","hentry","category-senza-categoria"],"yoast_head":"<!-- This site is optimized with the Yoast SEO plugin v27.5 - https:\/\/yoast.com\/product\/yoast-seo-wordpress\/ -->\n<title>Organizzare il proprio spazio: La camera da letto - Victoria Delgeniesse<\/title>\n<meta name=\"robots\" content=\"index, follow, max-snippet:-1, max-image-preview:large, max-video-preview:-1\" \/>\n<link rel=\"canonical\" href=\"https:\/\/victoriadelgeniesse.com\/it\/senza-categoria\/1720\/\" \/>\n<meta property=\"og:locale\" content=\"it_IT\" \/>\n<meta property=\"og:type\" content=\"article\" \/>\n<meta property=\"og:title\" content=\"Organizzare il proprio spazio: La camera da letto - Victoria Delgeniesse\" \/>\n<meta property=\"og:description\" content=\"Questo spazio cos\u00ec intimo, culla dei nostri sogni: per alcuni si dorme soltanto, ma per altri vi si trascorre molto pi\u00f9 tempo. Penso ai bambini, per i quali \u00e8 anche uno spazio di gioco; agli adolescenti che vi costruiscono un mondo e invitano gli amici; agli studenti che passano ore a studiare; o semplicemente a [&hellip;]\" \/>\n<meta property=\"og:url\" content=\"https:\/\/victoriadelgeniesse.com\/it\/senza-categoria\/1720\/\" \/>\n<meta property=\"og:site_name\" content=\"Victoria Delgeniesse\" \/>\n<meta property=\"article:published_time\" content=\"2024-06-07T17:05:24+00:00\" \/>\n<meta property=\"article:modified_time\" content=\"2026-02-22T11:17:57+00:00\" \/>\n<meta property=\"og:image\" content=\"https:\/\/victoriadelgeniesse.com\/wp-content\/uploads\/2024\/06\/Sans-titre-24-768x1024-1.png\" \/>\n\t<meta property=\"og:image:width\" content=\"768\" \/>\n\t<meta property=\"og:image:height\" content=\"1024\" \/>\n\t<meta property=\"og:image:type\" content=\"image\/png\" \/>\n<meta name=\"author\" content=\"kjaniky\" \/>\n<meta name=\"twitter:card\" content=\"summary_large_image\" \/>\n<meta name=\"twitter:label1\" content=\"Scritto da\" \/>\n\t<meta name=\"twitter:data1\" content=\"kjaniky\" \/>\n\t<meta name=\"twitter:label2\" content=\"Tempo di lettura stimato\" \/>\n\t<meta name=\"twitter:data2\" content=\"3 minuti\" \/>\n<script type=\"application\/ld+json\" class=\"yoast-schema-graph\">{\"@context\":\"https:\\\/\\\/schema.org\",\"@graph\":[{\"@type\":\"Article\",\"@id\":\"https:\\\/\\\/victoriadelgeniesse.com\\\/it\\\/senza-categoria\\\/1720\\\/#article\",\"isPartOf\":{\"@id\":\"https:\\\/\\\/victoriadelgeniesse.com\\\/it\\\/senza-categoria\\\/1720\\\/\"},\"author\":{\"name\":\"kjaniky\",\"@id\":\"https:\\\/\\\/victoriadelgeniesse.com\\\/it\\\/#\\\/schema\\\/person\\\/2a5dc88dac2bfd86c14904b3a23e4dd9\"},\"headline\":\"Organizzare il proprio spazio: La camera da letto\",\"datePublished\":\"2024-06-07T17:05:24+00:00\",\"dateModified\":\"2026-02-22T11:17:57+00:00\",\"mainEntityOfPage\":{\"@id\":\"https:\\\/\\\/victoriadelgeniesse.com\\\/it\\\/senza-categoria\\\/1720\\\/\"},\"wordCount\":690,\"commentCount\":0,\"image\":{\"@id\":\"https:\\\/\\\/victoriadelgeniesse.com\\\/it\\\/senza-categoria\\\/1720\\\/#primaryimage\"},\"thumbnailUrl\":\"https:\\\/\\\/victoriadelgeniesse.com\\\/wp-content\\\/uploads\\\/2024\\\/06\\\/Sans-titre-24-768x1024-1.png\",\"inLanguage\":\"it-IT\",\"potentialAction\":[{\"@type\":\"CommentAction\",\"name\":\"Comment\",\"target\":[\"https:\\\/\\\/victoriadelgeniesse.com\\\/it\\\/senza-categoria\\\/1720\\\/#respond\"]}]},{\"@type\":\"WebPage\",\"@id\":\"https:\\\/\\\/victoriadelgeniesse.com\\\/it\\\/senza-categoria\\\/1720\\\/\",\"url\":\"https:\\\/\\\/victoriadelgeniesse.com\\\/it\\\/senza-categoria\\\/1720\\\/\",\"name\":\"Organizzare il proprio spazio: La camera da letto - Victoria Delgeniesse\",\"isPartOf\":{\"@id\":\"https:\\\/\\\/victoriadelgeniesse.com\\\/it\\\/#website\"},\"primaryImageOfPage\":{\"@id\":\"https:\\\/\\\/victoriadelgeniesse.com\\\/it\\\/senza-categoria\\\/1720\\\/#primaryimage\"},\"image\":{\"@id\":\"https:\\\/\\\/victoriadelgeniesse.com\\\/it\\\/senza-categoria\\\/1720\\\/#primaryimage\"},\"thumbnailUrl\":\"https:\\\/\\\/victoriadelgeniesse.com\\\/wp-content\\\/uploads\\\/2024\\\/06\\\/Sans-titre-24-768x1024-1.png\",\"datePublished\":\"2024-06-07T17:05:24+00:00\",\"dateModified\":\"2026-02-22T11:17:57+00:00\",\"author\":{\"@id\":\"https:\\\/\\\/victoriadelgeniesse.com\\\/it\\\/#\\\/schema\\\/person\\\/2a5dc88dac2bfd86c14904b3a23e4dd9\"},\"breadcrumb\":{\"@id\":\"https:\\\/\\\/victoriadelgeniesse.com\\\/it\\\/senza-categoria\\\/1720\\\/#breadcrumb\"},\"inLanguage\":\"it-IT\",\"potentialAction\":[{\"@type\":\"ReadAction\",\"target\":[\"https:\\\/\\\/victoriadelgeniesse.com\\\/it\\\/senza-categoria\\\/1720\\\/\"]}]},{\"@type\":\"ImageObject\",\"inLanguage\":\"it-IT\",\"@id\":\"https:\\\/\\\/victoriadelgeniesse.com\\\/it\\\/senza-categoria\\\/1720\\\/#primaryimage\",\"url\":\"https:\\\/\\\/victoriadelgeniesse.com\\\/wp-content\\\/uploads\\\/2024\\\/06\\\/Sans-titre-24-768x1024-1.png\",\"contentUrl\":\"https:\\\/\\\/victoriadelgeniesse.com\\\/wp-content\\\/uploads\\\/2024\\\/06\\\/Sans-titre-24-768x1024-1.png\",\"width\":768,\"height\":1024},{\"@type\":\"BreadcrumbList\",\"@id\":\"https:\\\/\\\/victoriadelgeniesse.com\\\/it\\\/senza-categoria\\\/1720\\\/#breadcrumb\",\"itemListElement\":[{\"@type\":\"ListItem\",\"position\":1,\"name\":\"Home\",\"item\":\"https:\\\/\\\/victoriadelgeniesse.com\\\/it\\\/\"},{\"@type\":\"ListItem\",\"position\":2,\"name\":\"Organizzare il proprio spazio: La camera da letto\"}]},{\"@type\":\"WebSite\",\"@id\":\"https:\\\/\\\/victoriadelgeniesse.com\\\/it\\\/#website\",\"url\":\"https:\\\/\\\/victoriadelgeniesse.com\\\/it\\\/\",\"name\":\"Victoria Delgeniesse\",\"description\":\"Ve Atelier: Architecture d&#039;int\u00e9rieur holistique \u00e0 Bruxelles\",\"potentialAction\":[{\"@type\":\"SearchAction\",\"target\":{\"@type\":\"EntryPoint\",\"urlTemplate\":\"https:\\\/\\\/victoriadelgeniesse.com\\\/it\\\/?s={search_term_string}\"},\"query-input\":{\"@type\":\"PropertyValueSpecification\",\"valueRequired\":true,\"valueName\":\"search_term_string\"}}],\"inLanguage\":\"it-IT\"},{\"@type\":\"Person\",\"@id\":\"https:\\\/\\\/victoriadelgeniesse.com\\\/it\\\/#\\\/schema\\\/person\\\/2a5dc88dac2bfd86c14904b3a23e4dd9\",\"name\":\"kjaniky\",\"image\":{\"@type\":\"ImageObject\",\"inLanguage\":\"it-IT\",\"@id\":\"https:\\\/\\\/secure.gravatar.com\\\/avatar\\\/9eb72dee76a5d90c6ac734d463a1f7cc3c3beef2d7f12a6e995268d3968b93c5?s=96&d=mm&r=g\",\"url\":\"https:\\\/\\\/secure.gravatar.com\\\/avatar\\\/9eb72dee76a5d90c6ac734d463a1f7cc3c3beef2d7f12a6e995268d3968b93c5?s=96&d=mm&r=g\",\"contentUrl\":\"https:\\\/\\\/secure.gravatar.com\\\/avatar\\\/9eb72dee76a5d90c6ac734d463a1f7cc3c3beef2d7f12a6e995268d3968b93c5?s=96&d=mm&r=g\",\"caption\":\"kjaniky\"},\"sameAs\":[\"https:\\\/\\\/victoriav2.boostartisanat.com\"],\"url\":\"https:\\\/\\\/victoriadelgeniesse.com\\\/it\\\/author\\\/kjaniky\\\/\"}]}<\/script>\n<!-- \/ Yoast SEO plugin. -->","yoast_head_json":{"title":"Organizzare il proprio spazio: La camera da letto - Victoria Delgeniesse","robots":{"index":"index","follow":"follow","max-snippet":"max-snippet:-1","max-image-preview":"max-image-preview:large","max-video-preview":"max-video-preview:-1"},"canonical":"https:\/\/victoriadelgeniesse.com\/it\/senza-categoria\/1720\/","og_locale":"it_IT","og_type":"article","og_title":"Organizzare il proprio spazio: La camera da letto - Victoria Delgeniesse","og_description":"Questo spazio cos\u00ec intimo, culla dei nostri sogni: per alcuni si dorme soltanto, ma per altri vi si trascorre molto pi\u00f9 tempo. Penso ai bambini, per i quali \u00e8 anche uno spazio di gioco; agli adolescenti che vi costruiscono un mondo e invitano gli amici; agli studenti che passano ore a studiare; o semplicemente a [&hellip;]","og_url":"https:\/\/victoriadelgeniesse.com\/it\/senza-categoria\/1720\/","og_site_name":"Victoria Delgeniesse","article_published_time":"2024-06-07T17:05:24+00:00","article_modified_time":"2026-02-22T11:17:57+00:00","og_image":[{"width":768,"height":1024,"url":"https:\/\/victoriadelgeniesse.com\/wp-content\/uploads\/2024\/06\/Sans-titre-24-768x1024-1.png","type":"image\/png"}],"author":"kjaniky","twitter_card":"summary_large_image","twitter_misc":{"Scritto da":"kjaniky","Tempo di lettura stimato":"3 minuti"},"schema":{"@context":"https:\/\/schema.org","@graph":[{"@type":"Article","@id":"https:\/\/victoriadelgeniesse.com\/it\/senza-categoria\/1720\/#article","isPartOf":{"@id":"https:\/\/victoriadelgeniesse.com\/it\/senza-categoria\/1720\/"},"author":{"name":"kjaniky","@id":"https:\/\/victoriadelgeniesse.com\/it\/#\/schema\/person\/2a5dc88dac2bfd86c14904b3a23e4dd9"},"headline":"Organizzare il proprio spazio: La camera da letto","datePublished":"2024-06-07T17:05:24+00:00","dateModified":"2026-02-22T11:17:57+00:00","mainEntityOfPage":{"@id":"https:\/\/victoriadelgeniesse.com\/it\/senza-categoria\/1720\/"},"wordCount":690,"commentCount":0,"image":{"@id":"https:\/\/victoriadelgeniesse.com\/it\/senza-categoria\/1720\/#primaryimage"},"thumbnailUrl":"https:\/\/victoriadelgeniesse.com\/wp-content\/uploads\/2024\/06\/Sans-titre-24-768x1024-1.png","inLanguage":"it-IT","potentialAction":[{"@type":"CommentAction","name":"Comment","target":["https:\/\/victoriadelgeniesse.com\/it\/senza-categoria\/1720\/#respond"]}]},{"@type":"WebPage","@id":"https:\/\/victoriadelgeniesse.com\/it\/senza-categoria\/1720\/","url":"https:\/\/victoriadelgeniesse.com\/it\/senza-categoria\/1720\/","name":"Organizzare il proprio spazio: La camera da letto - Victoria Delgeniesse","isPartOf":{"@id":"https:\/\/victoriadelgeniesse.com\/it\/#website"},"primaryImageOfPage":{"@id":"https:\/\/victoriadelgeniesse.com\/it\/senza-categoria\/1720\/#primaryimage"},"image":{"@id":"https:\/\/victoriadelgeniesse.com\/it\/senza-categoria\/1720\/#primaryimage"},"thumbnailUrl":"https:\/\/victoriadelgeniesse.com\/wp-content\/uploads\/2024\/06\/Sans-titre-24-768x1024-1.png","datePublished":"2024-06-07T17:05:24+00:00","dateModified":"2026-02-22T11:17:57+00:00","author":{"@id":"https:\/\/victoriadelgeniesse.com\/it\/#\/schema\/person\/2a5dc88dac2bfd86c14904b3a23e4dd9"},"breadcrumb":{"@id":"https:\/\/victoriadelgeniesse.com\/it\/senza-categoria\/1720\/#breadcrumb"},"inLanguage":"it-IT","potentialAction":[{"@type":"ReadAction","target":["https:\/\/victoriadelgeniesse.com\/it\/senza-categoria\/1720\/"]}]},{"@type":"ImageObject","inLanguage":"it-IT","@id":"https:\/\/victoriadelgeniesse.com\/it\/senza-categoria\/1720\/#primaryimage","url":"https:\/\/victoriadelgeniesse.com\/wp-content\/uploads\/2024\/06\/Sans-titre-24-768x1024-1.png","contentUrl":"https:\/\/victoriadelgeniesse.com\/wp-content\/uploads\/2024\/06\/Sans-titre-24-768x1024-1.png","width":768,"height":1024},{"@type":"BreadcrumbList","@id":"https:\/\/victoriadelgeniesse.com\/it\/senza-categoria\/1720\/#breadcrumb","itemListElement":[{"@type":"ListItem","position":1,"name":"Home","item":"https:\/\/victoriadelgeniesse.com\/it\/"},{"@type":"ListItem","position":2,"name":"Organizzare il proprio spazio: La camera da letto"}]},{"@type":"WebSite","@id":"https:\/\/victoriadelgeniesse.com\/it\/#website","url":"https:\/\/victoriadelgeniesse.com\/it\/","name":"Victoria Delgeniesse","description":"Ve Atelier: Architecture d&#039;int\u00e9rieur holistique \u00e0 Bruxelles","potentialAction":[{"@type":"SearchAction","target":{"@type":"EntryPoint","urlTemplate":"https:\/\/victoriadelgeniesse.com\/it\/?s={search_term_string}"},"query-input":{"@type":"PropertyValueSpecification","valueRequired":true,"valueName":"search_term_string"}}],"inLanguage":"it-IT"},{"@type":"Person","@id":"https:\/\/victoriadelgeniesse.com\/it\/#\/schema\/person\/2a5dc88dac2bfd86c14904b3a23e4dd9","name":"kjaniky","image":{"@type":"ImageObject","inLanguage":"it-IT","@id":"https:\/\/secure.gravatar.com\/avatar\/9eb72dee76a5d90c6ac734d463a1f7cc3c3beef2d7f12a6e995268d3968b93c5?s=96&d=mm&r=g","url":"https:\/\/secure.gravatar.com\/avatar\/9eb72dee76a5d90c6ac734d463a1f7cc3c3beef2d7f12a6e995268d3968b93c5?s=96&d=mm&r=g","contentUrl":"https:\/\/secure.gravatar.com\/avatar\/9eb72dee76a5d90c6ac734d463a1f7cc3c3beef2d7f12a6e995268d3968b93c5?s=96&d=mm&r=g","caption":"kjaniky"},"sameAs":["https:\/\/victoriav2.boostartisanat.com"],"url":"https:\/\/victoriadelgeniesse.com\/it\/author\/kjaniky\/"}]}},"_links":{"self":[{"href":"https:\/\/victoriadelgeniesse.com\/it\/wp-json\/wp\/v2\/posts\/1720","targetHints":{"allow":["GET"]}}],"collection":[{"href":"https:\/\/victoriadelgeniesse.com\/it\/wp-json\/wp\/v2\/posts"}],"about":[{"href":"https:\/\/victoriadelgeniesse.com\/it\/wp-json\/wp\/v2\/types\/post"}],"author":[{"embeddable":true,"href":"https:\/\/victoriadelgeniesse.com\/it\/wp-json\/wp\/v2\/users\/1"}],"replies":[{"embeddable":true,"href":"https:\/\/victoriadelgeniesse.com\/it\/wp-json\/wp\/v2\/comments?post=1720"}],"version-history":[{"count":4,"href":"https:\/\/victoriadelgeniesse.com\/it\/wp-json\/wp\/v2\/posts\/1720\/revisions"}],"predecessor-version":[{"id":1784,"href":"https:\/\/victoriadelgeniesse.com\/it\/wp-json\/wp\/v2\/posts\/1720\/revisions\/1784"}],"wp:featuredmedia":[{"embeddable":true,"href":"https:\/\/victoriadelgeniesse.com\/it\/wp-json\/wp\/v2\/media\/1721"}],"wp:attachment":[{"href":"https:\/\/victoriadelgeniesse.com\/it\/wp-json\/wp\/v2\/media?parent=1720"}],"wp:term":[{"taxonomy":"category","embeddable":true,"href":"https:\/\/victoriadelgeniesse.com\/it\/wp-json\/wp\/v2\/categories?post=1720"},{"taxonomy":"post_tag","embeddable":true,"href":"https:\/\/victoriadelgeniesse.com\/it\/wp-json\/wp\/v2\/tags?post=1720"}],"curies":[{"name":"wp","href":"https:\/\/api.w.org\/{rel}","templated":true}]}}