{"id":1723,"date":"2024-06-07T17:02:45","date_gmt":"2024-06-07T17:02:45","guid":{"rendered":"https:\/\/victoriadelgeniesse.com\/senza-categoria\/1723\/"},"modified":"2026-02-22T11:17:00","modified_gmt":"2026-02-22T11:17:00","slug":"1723","status":"publish","type":"post","link":"https:\/\/victoriadelgeniesse.com\/it\/senza-categoria\/1723\/","title":{"rendered":"Organizzare il proprio spazio: La Sala da Pranzo"},"content":{"rendered":"<p>[et_pb_section fb_built=&#8221;1&#8243; custom_padding_last_edited=&#8221;on|phone&#8221; _builder_version=&#8221;4.25.0&#8243; _module_preset=&#8221;default&#8221; custom_padding=&#8221;70px|20px|70px|20px|false|false&#8221; custom_padding_tablet=&#8221;40px||40px||false|false&#8221; custom_padding_phone=&#8221;0px||0px||false|false&#8221; global_colors_info=&#8221;{}&#8221; locked=&#8221;off&#8221; theme_builder_area=&#8221;post_content&#8221;][et_pb_row _builder_version=&#8221;4.25.0&#8243; _module_preset=&#8221;default&#8221; global_colors_info=&#8221;{}&#8221; theme_builder_area=&#8221;post_content&#8221;][et_pb_column type=&#8221;4_4&#8243; _builder_version=&#8221;4.25.0&#8243; _module_preset=&#8221;default&#8221; global_colors_info=&#8221;{}&#8221; theme_builder_area=&#8221;post_content&#8221;][et_pb_post_title meta=&#8221;off&#8221; featured_image=&#8221;off&#8221; _builder_version=&#8221;4.25.0&#8243; _module_preset=&#8221;default&#8221; title_font=&#8221;|700|||||||&#8221; title_font_size=&#8221;30px&#8221; title_font_size_tablet=&#8221;30px&#8221; title_font_size_phone=&#8221;24px&#8221; title_font_size_last_edited=&#8221;on|phone&#8221; global_colors_info=&#8221;{}&#8221; theme_builder_area=&#8221;post_content&#8221;][\/et_pb_post_title][et_pb_text _builder_version=&#8221;4.25.0&#8243; _module_preset=&#8221;default&#8221; header_2_font=&#8221;Shadows Into Light||||||||&#8221; header_2_text_color=&#8221;#FF0000&#8243; header_2_font_size=&#8221;30px&#8221; hover_enabled=&#8221;0&#8243; global_colors_info=&#8221;{}&#8221; theme_builder_area=&#8221;post_content&#8221; sticky_enabled=&#8221;0&#8243;]<\/p>\n<p><em><span>\u00c8 il cuore della casa, a volte unita alla cucina, a volte al soggiorno; per la maggior parte di noi \u00e8 il luogo in cui consumiamo i pasti, dal pranzo alla cena. A volte ci lavoriamo anche. Si invitano persone, si ricevono ospiti, si gioca, si crea, si discute per lunghe ore. \u00c8 uno spazio vivo che accoglie tantissime cose.<\/span><\/em><\/p>\n<p><\/p>\n<p><span>Cominciamo dal tavolo: tante varianti a seconda dei nostri desideri, dello spazio disponibile, delle nostre esigenze. A volte si pu\u00f2 fare a meno di una poltrona, ma di un tavolo \u00e8 pi\u00f9 complicato. Ci facciamo davvero di tutto.<\/span><\/p>\n<p><\/p>\n<p><span>In uno spazio pi\u00f9 aperto, il tavolo della sala da pranzo si trover\u00e0 in continuit\u00e0 con la cucina; potr\u00e0 persino fungere da isola centrale, piano di lavoro o addirittura da bar a seconda delle esigenze. Per chi invece dispone di una stanza dedicata, il tavolo sar\u00e0 quindi l\u2019elemento centrale dello spazio.<\/span><\/p>\n<p><\/p>\n<blockquote>\n<p><span>La prima domanda da porsi:<\/span><\/p>\n<p>&nbsp;<\/p>\n<\/blockquote>\n<p><\/p>\n<p><span>\u2013<strong>Il numero di persone!<\/strong> Avete l\u2019abitudine di ricevere ospiti? Siete in tanti? Avete gi\u00e0 un angolo pranzo in cucina e la sala da pranzo viene utilizzata solo raramente? Oppure questo tavolo \u00e8 multifunzione e serve tutto il giorno, dalla colazione alla riunione in home-office fino al bicchiere di vino con gli amici all\u2019aperitivo!<\/span><\/p>\n<p><\/p>\n<p><span>\u2013<strong>La forma:<\/strong> quadrata, che occupa poco spazio ma pu\u00f2 allungarsi; rotonda, sempre pratica e organica perch\u00e9 permette di stare in due o in pi\u00f9 persone senza avere le gambe del tavolo tra i piedi; ovale, per pi\u00f9 posti ed evitare angoli spigolosi; rettangolare per ambienti pi\u00f9 ampi con un tavolo familiare centrale e importante; per i pi\u00f9 audaci si possono persino immaginare piani del tavolo dalle forme pi\u00f9 organiche da posare su gambe diverse o su cavalletti!<\/span><\/p>\n<p><\/p>\n<p><span>\u2013<strong>Il materiale:<\/strong> ancora una volta, fatevi domande sulle vostre abitudini di vita. Il vetro s\u00ec, ma pi\u00f9 delicato; il metallo s\u00ec, ma freddo; il marmo molto bello ma pi\u00f9 impegnativo nella manutenzione; il legno sempre una garanzia, ma quale?; il laminato \u00e8 meno costoso ma attenzione ai graffi. Insomma, avete scelta! Una bella tovaglia o un runner da cambiare di tanto in tanto pu\u00f2 aiutarvi a prolungare la durata del tavolo e ad aggiungere un tocco decorativo in base alle stagioni e\/o al vostro umore.<\/span><\/p>\n<p><\/p>\n<p><span>\u2013<strong>La posizione:<\/strong> centrale? Accostato al bancone? Vicino al muro? In ogni caso, quando pensate alla posizione del tavolo, pensate anche alle sedute. Privilegiate una panca da infilare sotto il tavolo, che occupa meno spazio negli ambienti pi\u00f9 piccoli. Le sedie con braccioli sono pi\u00f9 adatte alle estremit\u00e0 del tavolo. Potete anche mescolare le sedute!<\/span><\/p>\n<p><\/p>\n<p><span>\u2013<strong>L\u2019illuminazione:<\/strong> diretta E indiretta, ovviamente! Una luce diretta non troppo forte e preferibilmente sopra il livello degli occhi per non abbagliare, ma per valorizzare la superficie del tavolo; poi una o due luci indirette per creare atmosfera nella stanza. Non esitate ad aggiungere qualche candela e un bouquet di fiori da cambiare secondo i vostri desideri!<\/span><\/p>\n<p><\/p>\n<p><span>\u2013<strong>I colori:<\/strong> in una sala da pranzo tutto \u00e8 benvenuto! Ma non dimenticate che \u00e8 uno spazio vivo e gioioso. Si vive molto qui, non si dorme (normalmente), ma molte emozioni si mescolano e convivono, ed \u00e8 importante avere uno spazio aperto a questo fermento di vita! Tovaglia colorata, vaso particolare, sedie spaiate, piatti vintage, una grande brocca piena d\u2019acqua con pi\u00f9 bicchieri su un vassoio, un grande specchio alla parete o una bella cornice.<\/span><\/p>\n<p><\/p>\n<blockquote>\n<p><span>Siate generosi in questo spazio e prendetevi il piacere di farne un vero luogo pieno di gioia, in cui voi e i vostri ospiti possiate sbocciare e creare bellissimi ricordi.<\/span><\/p>\n<p>&nbsp;<\/p>\n<\/blockquote>\n<p><\/p>\n<p>Questo articolo vi \u00e8 piaciuto? Non esitate a lasciare un commento e\/o a condividerlo sui vostri social @cinquiemeatelier \ud83d\ude09<\/p>\n<p><\/p>\n<p>A presto,<\/p>\n<p><\/p>\n<p>V.<\/p>\n<p>[\/et_pb_text][\/et_pb_column][\/et_pb_row][\/et_pb_section]<\/p>\n","protected":false},"excerpt":{"rendered":"<p>\u00c8 il cuore della casa, a volte unita alla cucina, a volte al soggiorno; per la maggior parte di noi \u00e8 il luogo in cui consumiamo i pasti, dal pranzo alla cena. A volte ci lavoriamo anche. Si invitano persone, si ricevono ospiti, si gioca, si crea, si discute per lunghe ore. \u00c8 uno spazio [&hellip;]<\/p>\n","protected":false},"author":1,"featured_media":1724,"comment_status":"open","ping_status":"open","sticky":false,"template":"","format":"standard","meta":{"_et_pb_use_builder":"on","_et_pb_old_content":"","_et_gb_content_width":"","footnotes":""},"categories":[10],"tags":[],"class_list":["post-1723","post","type-post","status-publish","format-standard","has-post-thumbnail","hentry","category-senza-categoria"],"yoast_head":"<!-- This site is optimized with the Yoast SEO plugin v27.5 - https:\/\/yoast.com\/product\/yoast-seo-wordpress\/ -->\n<title>Organizzare il proprio spazio: La Sala da Pranzo - Victoria Delgeniesse<\/title>\n<meta name=\"robots\" content=\"index, follow, max-snippet:-1, max-image-preview:large, max-video-preview:-1\" \/>\n<link rel=\"canonical\" href=\"https:\/\/victoriadelgeniesse.com\/it\/senza-categoria\/1723\/\" \/>\n<meta property=\"og:locale\" content=\"it_IT\" \/>\n<meta property=\"og:type\" content=\"article\" \/>\n<meta property=\"og:title\" content=\"Organizzare il proprio spazio: La Sala da Pranzo - Victoria Delgeniesse\" \/>\n<meta property=\"og:description\" content=\"\u00c8 il cuore della casa, a volte unita alla cucina, a volte al soggiorno; per la maggior parte di noi \u00e8 il luogo in cui consumiamo i pasti, dal pranzo alla cena. A volte ci lavoriamo anche. Si invitano persone, si ricevono ospiti, si gioca, si crea, si discute per lunghe ore. \u00c8 uno spazio [&hellip;]\" \/>\n<meta property=\"og:url\" content=\"https:\/\/victoriadelgeniesse.com\/it\/senza-categoria\/1723\/\" \/>\n<meta property=\"og:site_name\" content=\"Victoria Delgeniesse\" \/>\n<meta property=\"article:published_time\" content=\"2024-06-07T17:02:45+00:00\" \/>\n<meta property=\"article:modified_time\" content=\"2026-02-22T11:17:00+00:00\" \/>\n<meta property=\"og:image\" content=\"https:\/\/victoriadelgeniesse.com\/wp-content\/uploads\/2024\/06\/Sans-titre-16.png\" \/>\n\t<meta property=\"og:image:width\" content=\"768\" \/>\n\t<meta property=\"og:image:height\" content=\"1024\" \/>\n\t<meta property=\"og:image:type\" content=\"image\/png\" \/>\n<meta name=\"author\" content=\"kjaniky\" \/>\n<meta name=\"twitter:card\" content=\"summary_large_image\" \/>\n<meta name=\"twitter:label1\" content=\"Scritto da\" \/>\n\t<meta name=\"twitter:data1\" content=\"kjaniky\" \/>\n\t<meta name=\"twitter:label2\" content=\"Tempo di lettura stimato\" \/>\n\t<meta name=\"twitter:data2\" content=\"4 minuti\" \/>\n<script type=\"application\/ld+json\" class=\"yoast-schema-graph\">{\"@context\":\"https:\\\/\\\/schema.org\",\"@graph\":[{\"@type\":\"Article\",\"@id\":\"https:\\\/\\\/victoriadelgeniesse.com\\\/it\\\/senza-categoria\\\/1723\\\/#article\",\"isPartOf\":{\"@id\":\"https:\\\/\\\/victoriadelgeniesse.com\\\/it\\\/senza-categoria\\\/1723\\\/\"},\"author\":{\"name\":\"kjaniky\",\"@id\":\"https:\\\/\\\/victoriadelgeniesse.com\\\/it\\\/#\\\/schema\\\/person\\\/2a5dc88dac2bfd86c14904b3a23e4dd9\"},\"headline\":\"Organizzare il proprio spazio: La Sala da Pranzo\",\"datePublished\":\"2024-06-07T17:02:45+00:00\",\"dateModified\":\"2026-02-22T11:17:00+00:00\",\"mainEntityOfPage\":{\"@id\":\"https:\\\/\\\/victoriadelgeniesse.com\\\/it\\\/senza-categoria\\\/1723\\\/\"},\"wordCount\":787,\"commentCount\":0,\"image\":{\"@id\":\"https:\\\/\\\/victoriadelgeniesse.com\\\/it\\\/senza-categoria\\\/1723\\\/#primaryimage\"},\"thumbnailUrl\":\"https:\\\/\\\/victoriadelgeniesse.com\\\/wp-content\\\/uploads\\\/2024\\\/06\\\/Sans-titre-16.png\",\"inLanguage\":\"it-IT\",\"potentialAction\":[{\"@type\":\"CommentAction\",\"name\":\"Comment\",\"target\":[\"https:\\\/\\\/victoriadelgeniesse.com\\\/it\\\/senza-categoria\\\/1723\\\/#respond\"]}]},{\"@type\":\"WebPage\",\"@id\":\"https:\\\/\\\/victoriadelgeniesse.com\\\/it\\\/senza-categoria\\\/1723\\\/\",\"url\":\"https:\\\/\\\/victoriadelgeniesse.com\\\/it\\\/senza-categoria\\\/1723\\\/\",\"name\":\"Organizzare il proprio spazio: La Sala da Pranzo - Victoria Delgeniesse\",\"isPartOf\":{\"@id\":\"https:\\\/\\\/victoriadelgeniesse.com\\\/it\\\/#website\"},\"primaryImageOfPage\":{\"@id\":\"https:\\\/\\\/victoriadelgeniesse.com\\\/it\\\/senza-categoria\\\/1723\\\/#primaryimage\"},\"image\":{\"@id\":\"https:\\\/\\\/victoriadelgeniesse.com\\\/it\\\/senza-categoria\\\/1723\\\/#primaryimage\"},\"thumbnailUrl\":\"https:\\\/\\\/victoriadelgeniesse.com\\\/wp-content\\\/uploads\\\/2024\\\/06\\\/Sans-titre-16.png\",\"datePublished\":\"2024-06-07T17:02:45+00:00\",\"dateModified\":\"2026-02-22T11:17:00+00:00\",\"author\":{\"@id\":\"https:\\\/\\\/victoriadelgeniesse.com\\\/it\\\/#\\\/schema\\\/person\\\/2a5dc88dac2bfd86c14904b3a23e4dd9\"},\"breadcrumb\":{\"@id\":\"https:\\\/\\\/victoriadelgeniesse.com\\\/it\\\/senza-categoria\\\/1723\\\/#breadcrumb\"},\"inLanguage\":\"it-IT\",\"potentialAction\":[{\"@type\":\"ReadAction\",\"target\":[\"https:\\\/\\\/victoriadelgeniesse.com\\\/it\\\/senza-categoria\\\/1723\\\/\"]}]},{\"@type\":\"ImageObject\",\"inLanguage\":\"it-IT\",\"@id\":\"https:\\\/\\\/victoriadelgeniesse.com\\\/it\\\/senza-categoria\\\/1723\\\/#primaryimage\",\"url\":\"https:\\\/\\\/victoriadelgeniesse.com\\\/wp-content\\\/uploads\\\/2024\\\/06\\\/Sans-titre-16.png\",\"contentUrl\":\"https:\\\/\\\/victoriadelgeniesse.com\\\/wp-content\\\/uploads\\\/2024\\\/06\\\/Sans-titre-16.png\",\"width\":768,\"height\":1024},{\"@type\":\"BreadcrumbList\",\"@id\":\"https:\\\/\\\/victoriadelgeniesse.com\\\/it\\\/senza-categoria\\\/1723\\\/#breadcrumb\",\"itemListElement\":[{\"@type\":\"ListItem\",\"position\":1,\"name\":\"Home\",\"item\":\"https:\\\/\\\/victoriadelgeniesse.com\\\/it\\\/\"},{\"@type\":\"ListItem\",\"position\":2,\"name\":\"Organizzare il proprio spazio: La Sala da Pranzo\"}]},{\"@type\":\"WebSite\",\"@id\":\"https:\\\/\\\/victoriadelgeniesse.com\\\/it\\\/#website\",\"url\":\"https:\\\/\\\/victoriadelgeniesse.com\\\/it\\\/\",\"name\":\"Victoria Delgeniesse\",\"description\":\"Ve Atelier: Architecture d&#039;int\u00e9rieur holistique \u00e0 Bruxelles\",\"potentialAction\":[{\"@type\":\"SearchAction\",\"target\":{\"@type\":\"EntryPoint\",\"urlTemplate\":\"https:\\\/\\\/victoriadelgeniesse.com\\\/it\\\/?s={search_term_string}\"},\"query-input\":{\"@type\":\"PropertyValueSpecification\",\"valueRequired\":true,\"valueName\":\"search_term_string\"}}],\"inLanguage\":\"it-IT\"},{\"@type\":\"Person\",\"@id\":\"https:\\\/\\\/victoriadelgeniesse.com\\\/it\\\/#\\\/schema\\\/person\\\/2a5dc88dac2bfd86c14904b3a23e4dd9\",\"name\":\"kjaniky\",\"image\":{\"@type\":\"ImageObject\",\"inLanguage\":\"it-IT\",\"@id\":\"https:\\\/\\\/secure.gravatar.com\\\/avatar\\\/9eb72dee76a5d90c6ac734d463a1f7cc3c3beef2d7f12a6e995268d3968b93c5?s=96&d=mm&r=g\",\"url\":\"https:\\\/\\\/secure.gravatar.com\\\/avatar\\\/9eb72dee76a5d90c6ac734d463a1f7cc3c3beef2d7f12a6e995268d3968b93c5?s=96&d=mm&r=g\",\"contentUrl\":\"https:\\\/\\\/secure.gravatar.com\\\/avatar\\\/9eb72dee76a5d90c6ac734d463a1f7cc3c3beef2d7f12a6e995268d3968b93c5?s=96&d=mm&r=g\",\"caption\":\"kjaniky\"},\"sameAs\":[\"https:\\\/\\\/victoriav2.boostartisanat.com\"],\"url\":\"https:\\\/\\\/victoriadelgeniesse.com\\\/it\\\/author\\\/kjaniky\\\/\"}]}<\/script>\n<!-- \/ Yoast SEO plugin. -->","yoast_head_json":{"title":"Organizzare il proprio spazio: La Sala da Pranzo - Victoria Delgeniesse","robots":{"index":"index","follow":"follow","max-snippet":"max-snippet:-1","max-image-preview":"max-image-preview:large","max-video-preview":"max-video-preview:-1"},"canonical":"https:\/\/victoriadelgeniesse.com\/it\/senza-categoria\/1723\/","og_locale":"it_IT","og_type":"article","og_title":"Organizzare il proprio spazio: La Sala da Pranzo - Victoria Delgeniesse","og_description":"\u00c8 il cuore della casa, a volte unita alla cucina, a volte al soggiorno; per la maggior parte di noi \u00e8 il luogo in cui consumiamo i pasti, dal pranzo alla cena. A volte ci lavoriamo anche. Si invitano persone, si ricevono ospiti, si gioca, si crea, si discute per lunghe ore. \u00c8 uno spazio [&hellip;]","og_url":"https:\/\/victoriadelgeniesse.com\/it\/senza-categoria\/1723\/","og_site_name":"Victoria Delgeniesse","article_published_time":"2024-06-07T17:02:45+00:00","article_modified_time":"2026-02-22T11:17:00+00:00","og_image":[{"width":768,"height":1024,"url":"https:\/\/victoriadelgeniesse.com\/wp-content\/uploads\/2024\/06\/Sans-titre-16.png","type":"image\/png"}],"author":"kjaniky","twitter_card":"summary_large_image","twitter_misc":{"Scritto da":"kjaniky","Tempo di lettura stimato":"4 minuti"},"schema":{"@context":"https:\/\/schema.org","@graph":[{"@type":"Article","@id":"https:\/\/victoriadelgeniesse.com\/it\/senza-categoria\/1723\/#article","isPartOf":{"@id":"https:\/\/victoriadelgeniesse.com\/it\/senza-categoria\/1723\/"},"author":{"name":"kjaniky","@id":"https:\/\/victoriadelgeniesse.com\/it\/#\/schema\/person\/2a5dc88dac2bfd86c14904b3a23e4dd9"},"headline":"Organizzare il proprio spazio: La Sala da Pranzo","datePublished":"2024-06-07T17:02:45+00:00","dateModified":"2026-02-22T11:17:00+00:00","mainEntityOfPage":{"@id":"https:\/\/victoriadelgeniesse.com\/it\/senza-categoria\/1723\/"},"wordCount":787,"commentCount":0,"image":{"@id":"https:\/\/victoriadelgeniesse.com\/it\/senza-categoria\/1723\/#primaryimage"},"thumbnailUrl":"https:\/\/victoriadelgeniesse.com\/wp-content\/uploads\/2024\/06\/Sans-titre-16.png","inLanguage":"it-IT","potentialAction":[{"@type":"CommentAction","name":"Comment","target":["https:\/\/victoriadelgeniesse.com\/it\/senza-categoria\/1723\/#respond"]}]},{"@type":"WebPage","@id":"https:\/\/victoriadelgeniesse.com\/it\/senza-categoria\/1723\/","url":"https:\/\/victoriadelgeniesse.com\/it\/senza-categoria\/1723\/","name":"Organizzare il proprio spazio: La Sala da Pranzo - Victoria Delgeniesse","isPartOf":{"@id":"https:\/\/victoriadelgeniesse.com\/it\/#website"},"primaryImageOfPage":{"@id":"https:\/\/victoriadelgeniesse.com\/it\/senza-categoria\/1723\/#primaryimage"},"image":{"@id":"https:\/\/victoriadelgeniesse.com\/it\/senza-categoria\/1723\/#primaryimage"},"thumbnailUrl":"https:\/\/victoriadelgeniesse.com\/wp-content\/uploads\/2024\/06\/Sans-titre-16.png","datePublished":"2024-06-07T17:02:45+00:00","dateModified":"2026-02-22T11:17:00+00:00","author":{"@id":"https:\/\/victoriadelgeniesse.com\/it\/#\/schema\/person\/2a5dc88dac2bfd86c14904b3a23e4dd9"},"breadcrumb":{"@id":"https:\/\/victoriadelgeniesse.com\/it\/senza-categoria\/1723\/#breadcrumb"},"inLanguage":"it-IT","potentialAction":[{"@type":"ReadAction","target":["https:\/\/victoriadelgeniesse.com\/it\/senza-categoria\/1723\/"]}]},{"@type":"ImageObject","inLanguage":"it-IT","@id":"https:\/\/victoriadelgeniesse.com\/it\/senza-categoria\/1723\/#primaryimage","url":"https:\/\/victoriadelgeniesse.com\/wp-content\/uploads\/2024\/06\/Sans-titre-16.png","contentUrl":"https:\/\/victoriadelgeniesse.com\/wp-content\/uploads\/2024\/06\/Sans-titre-16.png","width":768,"height":1024},{"@type":"BreadcrumbList","@id":"https:\/\/victoriadelgeniesse.com\/it\/senza-categoria\/1723\/#breadcrumb","itemListElement":[{"@type":"ListItem","position":1,"name":"Home","item":"https:\/\/victoriadelgeniesse.com\/it\/"},{"@type":"ListItem","position":2,"name":"Organizzare il proprio spazio: La Sala da Pranzo"}]},{"@type":"WebSite","@id":"https:\/\/victoriadelgeniesse.com\/it\/#website","url":"https:\/\/victoriadelgeniesse.com\/it\/","name":"Victoria Delgeniesse","description":"Ve Atelier: Architecture d&#039;int\u00e9rieur holistique \u00e0 Bruxelles","potentialAction":[{"@type":"SearchAction","target":{"@type":"EntryPoint","urlTemplate":"https:\/\/victoriadelgeniesse.com\/it\/?s={search_term_string}"},"query-input":{"@type":"PropertyValueSpecification","valueRequired":true,"valueName":"search_term_string"}}],"inLanguage":"it-IT"},{"@type":"Person","@id":"https:\/\/victoriadelgeniesse.com\/it\/#\/schema\/person\/2a5dc88dac2bfd86c14904b3a23e4dd9","name":"kjaniky","image":{"@type":"ImageObject","inLanguage":"it-IT","@id":"https:\/\/secure.gravatar.com\/avatar\/9eb72dee76a5d90c6ac734d463a1f7cc3c3beef2d7f12a6e995268d3968b93c5?s=96&d=mm&r=g","url":"https:\/\/secure.gravatar.com\/avatar\/9eb72dee76a5d90c6ac734d463a1f7cc3c3beef2d7f12a6e995268d3968b93c5?s=96&d=mm&r=g","contentUrl":"https:\/\/secure.gravatar.com\/avatar\/9eb72dee76a5d90c6ac734d463a1f7cc3c3beef2d7f12a6e995268d3968b93c5?s=96&d=mm&r=g","caption":"kjaniky"},"sameAs":["https:\/\/victoriav2.boostartisanat.com"],"url":"https:\/\/victoriadelgeniesse.com\/it\/author\/kjaniky\/"}]}},"_links":{"self":[{"href":"https:\/\/victoriadelgeniesse.com\/it\/wp-json\/wp\/v2\/posts\/1723","targetHints":{"allow":["GET"]}}],"collection":[{"href":"https:\/\/victoriadelgeniesse.com\/it\/wp-json\/wp\/v2\/posts"}],"about":[{"href":"https:\/\/victoriadelgeniesse.com\/it\/wp-json\/wp\/v2\/types\/post"}],"author":[{"embeddable":true,"href":"https:\/\/victoriadelgeniesse.com\/it\/wp-json\/wp\/v2\/users\/1"}],"replies":[{"embeddable":true,"href":"https:\/\/victoriadelgeniesse.com\/it\/wp-json\/wp\/v2\/comments?post=1723"}],"version-history":[{"count":4,"href":"https:\/\/victoriadelgeniesse.com\/it\/wp-json\/wp\/v2\/posts\/1723\/revisions"}],"predecessor-version":[{"id":1781,"href":"https:\/\/victoriadelgeniesse.com\/it\/wp-json\/wp\/v2\/posts\/1723\/revisions\/1781"}],"wp:featuredmedia":[{"embeddable":true,"href":"https:\/\/victoriadelgeniesse.com\/it\/wp-json\/wp\/v2\/media\/1724"}],"wp:attachment":[{"href":"https:\/\/victoriadelgeniesse.com\/it\/wp-json\/wp\/v2\/media?parent=1723"}],"wp:term":[{"taxonomy":"category","embeddable":true,"href":"https:\/\/victoriadelgeniesse.com\/it\/wp-json\/wp\/v2\/categories?post=1723"},{"taxonomy":"post_tag","embeddable":true,"href":"https:\/\/victoriadelgeniesse.com\/it\/wp-json\/wp\/v2\/tags?post=1723"}],"curies":[{"name":"wp","href":"https:\/\/api.w.org\/{rel}","templated":true}]}}