{"id":1729,"date":"2024-06-07T16:53:10","date_gmt":"2024-06-07T16:53:10","guid":{"rendered":"https:\/\/victoriadelgeniesse.com\/senza-categoria\/1729\/"},"modified":"2026-02-22T11:15:20","modified_gmt":"2026-02-22T11:15:20","slug":"1729","status":"publish","type":"post","link":"https:\/\/victoriadelgeniesse.com\/it\/senza-categoria\/1729\/","title":{"rendered":"Organizzare lo spazio: il soggiorno"},"content":{"rendered":"<p>[et_pb_section fb_built=&#8221;1&#8243; custom_padding_last_edited=&#8221;on|phone&#8221; _builder_version=&#8221;4.25.0&#8243; _module_preset=&#8221;default&#8221; custom_padding=&#8221;70px|20px|70px|20px|false|false&#8221; custom_padding_tablet=&#8221;40px||40px||false|false&#8221; custom_padding_phone=&#8221;0px||0px||false|false&#8221; global_colors_info=&#8221;{}&#8221; locked=&#8221;off&#8221; theme_builder_area=&#8221;post_content&#8221;][et_pb_row _builder_version=&#8221;4.25.0&#8243; _module_preset=&#8221;default&#8221; global_colors_info=&#8221;{}&#8221; theme_builder_area=&#8221;post_content&#8221;][et_pb_column type=&#8221;4_4&#8243; _builder_version=&#8221;4.25.0&#8243; _module_preset=&#8221;default&#8221; global_colors_info=&#8221;{}&#8221; theme_builder_area=&#8221;post_content&#8221;][et_pb_post_title meta=&#8221;off&#8221; featured_image=&#8221;off&#8221; _builder_version=&#8221;4.25.0&#8243; _module_preset=&#8221;default&#8221; title_font=&#8221;|700|||||||&#8221; title_font_size=&#8221;30px&#8221; title_font_size_tablet=&#8221;30px&#8221; title_font_size_phone=&#8221;24px&#8221; title_font_size_last_edited=&#8221;on|phone&#8221; global_colors_info=&#8221;{}&#8221; theme_builder_area=&#8221;post_content&#8221;][\/et_pb_post_title][et_pb_text _builder_version=&#8221;4.25.0&#8243; _module_preset=&#8221;default&#8221; header_2_font=&#8221;Shadows Into Light||||||||&#8221; header_2_text_color=&#8221;#FF0000&#8243; header_2_font_size=&#8221;30px&#8221; hover_enabled=&#8221;0&#8243; global_colors_info=&#8221;{}&#8221; theme_builder_area=&#8221;post_content&#8221; sticky_enabled=&#8221;0&#8243;]<\/p>\n<p><span>Il soggiorno \u00e8 una stanza centrale della casa. \u00c8 sicuramente una delle stanze pi\u00f9 importanti e pi\u00f9 utilizzate. Anche se la sala da pranzo si trova poco distante, o talvolta il tavolo \u00e8 direttamente collocato nel soggiorno per scelta o per mancanza di spazio, il soggiorno sar\u00e0 sempre pi\u00f9 o meno delimitato da arredi ben definiti, in particolare da sedute confortevoli.<\/span><\/p>\n<p><\/p>\n<p><span>Gli elementi di base che generalmente compongono il vostro soggiorno: un divano, una o pi\u00f9 poltrone o pouf, un tavolino e, per gli amanti della TV, un mobile dedicato verso il quale sar\u00e0 orientato l\u2019arredo. A questi, i pi\u00f9 ispirati aggiungeranno: un tappeto, cuscini, un tavolino d\u2019appoggio con un\u2019illuminazione indiretta pi\u00f9 soffusa, piante, una libreria, quadri e specchi, oltre a oggetti vari e personali per rendere l\u2019insieme pi\u00f9 caldo e vivo. Non esitate a passare in rassegna il vostro interno per fare una piccola check-list di ci\u00f2 che si trova nel vostro soggiorno.<\/span><\/p>\n<p><\/p>\n<p><span>Direi che \u00e8 sempre necessario definire un\u2019intenzione per ogni spazio della propria casa. Per il soggiorno si pu\u00f2 amare ricevere ospiti, organizzare aperitivi tra amici, serate di giochi; pu\u00f2 essere uno spazio familiare o, al contrario, intimo, in cui ritrovarsi a fine giornata lontano dalle preoccupazioni del lavoro; a volte \u00e8 anche uno spazio in cui si lavora (insisto qui sull\u2019importanza di delimitare gli spazi anche se si trovano nella stessa stanza: un piccolo paravento, una pianta che separa visivamente, un arredo diverso, una scrivania che si pu\u00f2 chiudere, sono tutti accorgimenti per distinguere lo spazio di lavoro da quello privato).<\/span><\/p>\n<p><\/p>\n<p><span>Una volta definita l\u2019intenzione per questa stanza, chiedetevi cosa desiderate o di cosa avete bisogno in termini di atmosfera: calma, introspezione, divertimento, luce, colore, gioia, comfort\u2026 \u00c8 importante che sia chiaro nella vostra mente, perch\u00e9 queste intenzioni e desideri vi guideranno nelle scelte successive: i materiali che volete utilizzare, i colori, il numero di sedute, la scelta delle immagini alle pareti\u2026<\/span><\/p>\n<p><\/p>\n<blockquote>\n<p><span>L\u2019importante \u00e8 scegliere di inserire oggetti che vi fanno vibrare; evitate di mettere qualcosa solo per fare piacere a qualcuno o, se vivete in coppia, trovate compromessi affinch\u00e9 entrambi possiate riconoscervi nell\u2019arredo\u2026<\/span><\/p>\n<\/blockquote>\n<p><\/p>\n<p><span>A volte \u00e8 preferibile aspettare prima di acquistare una poltrona per trovare quella giusta, anche se nel frattempo passerete qualche settimana con una sedia e un cuscino\u2026 cercate il \u201ccolpo di fulmine\u201d senza riflettere troppo. Lo stesso vale per il colore (articolo in fase di scrittura): scegliete un colore che vi faccia vibrare. Un colore pi\u00f9 scuro non significa necessariamente spento. Potete anche dipingere le pareti a mezza altezza o lasciare una fascia bianca per dare pi\u00f9 slancio alle pareti, oppure scegliere di colorare solo una colonna o una piccola parete: sar\u00e0 proprio questa pausa ad attirare lo sguardo e a evitare che vi stanchiate. Il colore ha veri effetti sulla mente.<\/span><\/p>\n<p><\/p>\n<p><span>Non sottovalutate nemmeno l\u2019illuminazione del vostro soggiorno: una luce centrale s\u00ec, ma anche diverse lampade indirette (come piccole lampade da tavolo o da comodino\u2026) quando si desidera cambiare atmosfera. Potete anche giocare con ghirlande luminose pi\u00f9 soffuse e candele che elevano l\u2019energia della stanza. Dedicatevi al vostro soggiorno e mantenete anche un minimo di ordine: vi verr\u00e0 ancora pi\u00f9 voglia di viverlo. Se plaid, coperte e riviste restano sparsi sul divano, potete riporli in un grande cesto in vimini.<\/span><\/p>\n<p><\/p>\n<p><span>Infine, optate per delle tende per isolarvi dall\u2019esterno la sera e aggiungere materia e un tocco cosy al vostro spazio. Inoltre, in inverno, sono un ottimo isolante contro il freddo!<\/span><\/p>\n<p><\/p>\n<p><span>Questo articolo vi ha ispirato? Postate i vostri tentativi nelle storie su Instagram\/Facebook con l\u2019hashtag #cinquiemeatelier e provate a vincere un coaching d\u00e9co \u263a <\/span><\/p>\n<p>[\/et_pb_text][\/et_pb_column][\/et_pb_row][\/et_pb_section]<\/p>\n","protected":false},"excerpt":{"rendered":"<p>Il soggiorno \u00e8 una stanza centrale della casa. \u00c8 sicuramente una delle stanze pi\u00f9 importanti e pi\u00f9 utilizzate. Anche se la sala da pranzo si trova poco distante, o talvolta il tavolo \u00e8 direttamente collocato nel soggiorno per scelta o per mancanza di spazio, il soggiorno sar\u00e0 sempre pi\u00f9 o meno delimitato da arredi ben [&hellip;]<\/p>\n","protected":false},"author":1,"featured_media":1730,"comment_status":"open","ping_status":"open","sticky":false,"template":"","format":"standard","meta":{"_et_pb_use_builder":"on","_et_pb_old_content":"","_et_gb_content_width":"","footnotes":""},"categories":[10],"tags":[],"class_list":["post-1729","post","type-post","status-publish","format-standard","has-post-thumbnail","hentry","category-senza-categoria"],"yoast_head":"<!-- This site is optimized with the Yoast SEO plugin v27.5 - https:\/\/yoast.com\/product\/yoast-seo-wordpress\/ -->\n<title>Organizzare lo spazio: il soggiorno - Victoria Delgeniesse<\/title>\n<meta name=\"robots\" content=\"index, follow, max-snippet:-1, max-image-preview:large, max-video-preview:-1\" \/>\n<link rel=\"canonical\" href=\"https:\/\/victoriadelgeniesse.com\/it\/senza-categoria\/1729\/\" \/>\n<meta property=\"og:locale\" content=\"it_IT\" \/>\n<meta property=\"og:type\" content=\"article\" \/>\n<meta property=\"og:title\" content=\"Organizzare lo spazio: il soggiorno - Victoria Delgeniesse\" \/>\n<meta property=\"og:description\" content=\"Il soggiorno \u00e8 una stanza centrale della casa. \u00c8 sicuramente una delle stanze pi\u00f9 importanti e pi\u00f9 utilizzate. Anche se la sala da pranzo si trova poco distante, o talvolta il tavolo \u00e8 direttamente collocato nel soggiorno per scelta o per mancanza di spazio, il soggiorno sar\u00e0 sempre pi\u00f9 o meno delimitato da arredi ben [&hellip;]\" \/>\n<meta property=\"og:url\" content=\"https:\/\/victoriadelgeniesse.com\/it\/senza-categoria\/1729\/\" \/>\n<meta property=\"og:site_name\" content=\"Victoria Delgeniesse\" \/>\n<meta property=\"article:published_time\" content=\"2024-06-07T16:53:10+00:00\" \/>\n<meta property=\"article:modified_time\" content=\"2026-02-22T11:15:20+00:00\" \/>\n<meta property=\"og:image\" content=\"https:\/\/victoriadelgeniesse.com\/wp-content\/uploads\/2024\/06\/Sans-titre-3-768x1024-1.png\" \/>\n\t<meta property=\"og:image:width\" content=\"768\" \/>\n\t<meta property=\"og:image:height\" content=\"1024\" \/>\n\t<meta property=\"og:image:type\" content=\"image\/png\" \/>\n<meta name=\"author\" content=\"kjaniky\" \/>\n<meta name=\"twitter:card\" content=\"summary_large_image\" \/>\n<meta name=\"twitter:label1\" content=\"Scritto da\" \/>\n\t<meta name=\"twitter:data1\" content=\"kjaniky\" \/>\n\t<meta name=\"twitter:label2\" content=\"Tempo di lettura stimato\" \/>\n\t<meta name=\"twitter:data2\" content=\"4 minuti\" \/>\n<script type=\"application\/ld+json\" class=\"yoast-schema-graph\">{\"@context\":\"https:\\\/\\\/schema.org\",\"@graph\":[{\"@type\":\"Article\",\"@id\":\"https:\\\/\\\/victoriadelgeniesse.com\\\/it\\\/senza-categoria\\\/1729\\\/#article\",\"isPartOf\":{\"@id\":\"https:\\\/\\\/victoriadelgeniesse.com\\\/it\\\/senza-categoria\\\/1729\\\/\"},\"author\":{\"name\":\"kjaniky\",\"@id\":\"https:\\\/\\\/victoriadelgeniesse.com\\\/it\\\/#\\\/schema\\\/person\\\/2a5dc88dac2bfd86c14904b3a23e4dd9\"},\"headline\":\"Organizzare lo spazio: il soggiorno\",\"datePublished\":\"2024-06-07T16:53:10+00:00\",\"dateModified\":\"2026-02-22T11:15:20+00:00\",\"mainEntityOfPage\":{\"@id\":\"https:\\\/\\\/victoriadelgeniesse.com\\\/it\\\/senza-categoria\\\/1729\\\/\"},\"wordCount\":779,\"commentCount\":0,\"image\":{\"@id\":\"https:\\\/\\\/victoriadelgeniesse.com\\\/it\\\/senza-categoria\\\/1729\\\/#primaryimage\"},\"thumbnailUrl\":\"https:\\\/\\\/victoriadelgeniesse.com\\\/wp-content\\\/uploads\\\/2024\\\/06\\\/Sans-titre-3-768x1024-1.png\",\"inLanguage\":\"it-IT\",\"potentialAction\":[{\"@type\":\"CommentAction\",\"name\":\"Comment\",\"target\":[\"https:\\\/\\\/victoriadelgeniesse.com\\\/it\\\/senza-categoria\\\/1729\\\/#respond\"]}]},{\"@type\":\"WebPage\",\"@id\":\"https:\\\/\\\/victoriadelgeniesse.com\\\/it\\\/senza-categoria\\\/1729\\\/\",\"url\":\"https:\\\/\\\/victoriadelgeniesse.com\\\/it\\\/senza-categoria\\\/1729\\\/\",\"name\":\"Organizzare lo spazio: il soggiorno - Victoria Delgeniesse\",\"isPartOf\":{\"@id\":\"https:\\\/\\\/victoriadelgeniesse.com\\\/it\\\/#website\"},\"primaryImageOfPage\":{\"@id\":\"https:\\\/\\\/victoriadelgeniesse.com\\\/it\\\/senza-categoria\\\/1729\\\/#primaryimage\"},\"image\":{\"@id\":\"https:\\\/\\\/victoriadelgeniesse.com\\\/it\\\/senza-categoria\\\/1729\\\/#primaryimage\"},\"thumbnailUrl\":\"https:\\\/\\\/victoriadelgeniesse.com\\\/wp-content\\\/uploads\\\/2024\\\/06\\\/Sans-titre-3-768x1024-1.png\",\"datePublished\":\"2024-06-07T16:53:10+00:00\",\"dateModified\":\"2026-02-22T11:15:20+00:00\",\"author\":{\"@id\":\"https:\\\/\\\/victoriadelgeniesse.com\\\/it\\\/#\\\/schema\\\/person\\\/2a5dc88dac2bfd86c14904b3a23e4dd9\"},\"breadcrumb\":{\"@id\":\"https:\\\/\\\/victoriadelgeniesse.com\\\/it\\\/senza-categoria\\\/1729\\\/#breadcrumb\"},\"inLanguage\":\"it-IT\",\"potentialAction\":[{\"@type\":\"ReadAction\",\"target\":[\"https:\\\/\\\/victoriadelgeniesse.com\\\/it\\\/senza-categoria\\\/1729\\\/\"]}]},{\"@type\":\"ImageObject\",\"inLanguage\":\"it-IT\",\"@id\":\"https:\\\/\\\/victoriadelgeniesse.com\\\/it\\\/senza-categoria\\\/1729\\\/#primaryimage\",\"url\":\"https:\\\/\\\/victoriadelgeniesse.com\\\/wp-content\\\/uploads\\\/2024\\\/06\\\/Sans-titre-3-768x1024-1.png\",\"contentUrl\":\"https:\\\/\\\/victoriadelgeniesse.com\\\/wp-content\\\/uploads\\\/2024\\\/06\\\/Sans-titre-3-768x1024-1.png\",\"width\":768,\"height\":1024},{\"@type\":\"BreadcrumbList\",\"@id\":\"https:\\\/\\\/victoriadelgeniesse.com\\\/it\\\/senza-categoria\\\/1729\\\/#breadcrumb\",\"itemListElement\":[{\"@type\":\"ListItem\",\"position\":1,\"name\":\"Home\",\"item\":\"https:\\\/\\\/victoriadelgeniesse.com\\\/it\\\/\"},{\"@type\":\"ListItem\",\"position\":2,\"name\":\"Organizzare lo spazio: il soggiorno\"}]},{\"@type\":\"WebSite\",\"@id\":\"https:\\\/\\\/victoriadelgeniesse.com\\\/it\\\/#website\",\"url\":\"https:\\\/\\\/victoriadelgeniesse.com\\\/it\\\/\",\"name\":\"Victoria Delgeniesse\",\"description\":\"Ve Atelier: Architecture d&#039;int\u00e9rieur holistique \u00e0 Bruxelles\",\"potentialAction\":[{\"@type\":\"SearchAction\",\"target\":{\"@type\":\"EntryPoint\",\"urlTemplate\":\"https:\\\/\\\/victoriadelgeniesse.com\\\/it\\\/?s={search_term_string}\"},\"query-input\":{\"@type\":\"PropertyValueSpecification\",\"valueRequired\":true,\"valueName\":\"search_term_string\"}}],\"inLanguage\":\"it-IT\"},{\"@type\":\"Person\",\"@id\":\"https:\\\/\\\/victoriadelgeniesse.com\\\/it\\\/#\\\/schema\\\/person\\\/2a5dc88dac2bfd86c14904b3a23e4dd9\",\"name\":\"kjaniky\",\"image\":{\"@type\":\"ImageObject\",\"inLanguage\":\"it-IT\",\"@id\":\"https:\\\/\\\/secure.gravatar.com\\\/avatar\\\/9eb72dee76a5d90c6ac734d463a1f7cc3c3beef2d7f12a6e995268d3968b93c5?s=96&d=mm&r=g\",\"url\":\"https:\\\/\\\/secure.gravatar.com\\\/avatar\\\/9eb72dee76a5d90c6ac734d463a1f7cc3c3beef2d7f12a6e995268d3968b93c5?s=96&d=mm&r=g\",\"contentUrl\":\"https:\\\/\\\/secure.gravatar.com\\\/avatar\\\/9eb72dee76a5d90c6ac734d463a1f7cc3c3beef2d7f12a6e995268d3968b93c5?s=96&d=mm&r=g\",\"caption\":\"kjaniky\"},\"sameAs\":[\"https:\\\/\\\/victoriav2.boostartisanat.com\"],\"url\":\"https:\\\/\\\/victoriadelgeniesse.com\\\/it\\\/author\\\/kjaniky\\\/\"}]}<\/script>\n<!-- \/ Yoast SEO plugin. -->","yoast_head_json":{"title":"Organizzare lo spazio: il soggiorno - Victoria Delgeniesse","robots":{"index":"index","follow":"follow","max-snippet":"max-snippet:-1","max-image-preview":"max-image-preview:large","max-video-preview":"max-video-preview:-1"},"canonical":"https:\/\/victoriadelgeniesse.com\/it\/senza-categoria\/1729\/","og_locale":"it_IT","og_type":"article","og_title":"Organizzare lo spazio: il soggiorno - Victoria Delgeniesse","og_description":"Il soggiorno \u00e8 una stanza centrale della casa. \u00c8 sicuramente una delle stanze pi\u00f9 importanti e pi\u00f9 utilizzate. Anche se la sala da pranzo si trova poco distante, o talvolta il tavolo \u00e8 direttamente collocato nel soggiorno per scelta o per mancanza di spazio, il soggiorno sar\u00e0 sempre pi\u00f9 o meno delimitato da arredi ben [&hellip;]","og_url":"https:\/\/victoriadelgeniesse.com\/it\/senza-categoria\/1729\/","og_site_name":"Victoria Delgeniesse","article_published_time":"2024-06-07T16:53:10+00:00","article_modified_time":"2026-02-22T11:15:20+00:00","og_image":[{"width":768,"height":1024,"url":"https:\/\/victoriadelgeniesse.com\/wp-content\/uploads\/2024\/06\/Sans-titre-3-768x1024-1.png","type":"image\/png"}],"author":"kjaniky","twitter_card":"summary_large_image","twitter_misc":{"Scritto da":"kjaniky","Tempo di lettura stimato":"4 minuti"},"schema":{"@context":"https:\/\/schema.org","@graph":[{"@type":"Article","@id":"https:\/\/victoriadelgeniesse.com\/it\/senza-categoria\/1729\/#article","isPartOf":{"@id":"https:\/\/victoriadelgeniesse.com\/it\/senza-categoria\/1729\/"},"author":{"name":"kjaniky","@id":"https:\/\/victoriadelgeniesse.com\/it\/#\/schema\/person\/2a5dc88dac2bfd86c14904b3a23e4dd9"},"headline":"Organizzare lo spazio: il soggiorno","datePublished":"2024-06-07T16:53:10+00:00","dateModified":"2026-02-22T11:15:20+00:00","mainEntityOfPage":{"@id":"https:\/\/victoriadelgeniesse.com\/it\/senza-categoria\/1729\/"},"wordCount":779,"commentCount":0,"image":{"@id":"https:\/\/victoriadelgeniesse.com\/it\/senza-categoria\/1729\/#primaryimage"},"thumbnailUrl":"https:\/\/victoriadelgeniesse.com\/wp-content\/uploads\/2024\/06\/Sans-titre-3-768x1024-1.png","inLanguage":"it-IT","potentialAction":[{"@type":"CommentAction","name":"Comment","target":["https:\/\/victoriadelgeniesse.com\/it\/senza-categoria\/1729\/#respond"]}]},{"@type":"WebPage","@id":"https:\/\/victoriadelgeniesse.com\/it\/senza-categoria\/1729\/","url":"https:\/\/victoriadelgeniesse.com\/it\/senza-categoria\/1729\/","name":"Organizzare lo spazio: il soggiorno - Victoria Delgeniesse","isPartOf":{"@id":"https:\/\/victoriadelgeniesse.com\/it\/#website"},"primaryImageOfPage":{"@id":"https:\/\/victoriadelgeniesse.com\/it\/senza-categoria\/1729\/#primaryimage"},"image":{"@id":"https:\/\/victoriadelgeniesse.com\/it\/senza-categoria\/1729\/#primaryimage"},"thumbnailUrl":"https:\/\/victoriadelgeniesse.com\/wp-content\/uploads\/2024\/06\/Sans-titre-3-768x1024-1.png","datePublished":"2024-06-07T16:53:10+00:00","dateModified":"2026-02-22T11:15:20+00:00","author":{"@id":"https:\/\/victoriadelgeniesse.com\/it\/#\/schema\/person\/2a5dc88dac2bfd86c14904b3a23e4dd9"},"breadcrumb":{"@id":"https:\/\/victoriadelgeniesse.com\/it\/senza-categoria\/1729\/#breadcrumb"},"inLanguage":"it-IT","potentialAction":[{"@type":"ReadAction","target":["https:\/\/victoriadelgeniesse.com\/it\/senza-categoria\/1729\/"]}]},{"@type":"ImageObject","inLanguage":"it-IT","@id":"https:\/\/victoriadelgeniesse.com\/it\/senza-categoria\/1729\/#primaryimage","url":"https:\/\/victoriadelgeniesse.com\/wp-content\/uploads\/2024\/06\/Sans-titre-3-768x1024-1.png","contentUrl":"https:\/\/victoriadelgeniesse.com\/wp-content\/uploads\/2024\/06\/Sans-titre-3-768x1024-1.png","width":768,"height":1024},{"@type":"BreadcrumbList","@id":"https:\/\/victoriadelgeniesse.com\/it\/senza-categoria\/1729\/#breadcrumb","itemListElement":[{"@type":"ListItem","position":1,"name":"Home","item":"https:\/\/victoriadelgeniesse.com\/it\/"},{"@type":"ListItem","position":2,"name":"Organizzare lo spazio: il soggiorno"}]},{"@type":"WebSite","@id":"https:\/\/victoriadelgeniesse.com\/it\/#website","url":"https:\/\/victoriadelgeniesse.com\/it\/","name":"Victoria Delgeniesse","description":"Ve Atelier: Architecture d&#039;int\u00e9rieur holistique \u00e0 Bruxelles","potentialAction":[{"@type":"SearchAction","target":{"@type":"EntryPoint","urlTemplate":"https:\/\/victoriadelgeniesse.com\/it\/?s={search_term_string}"},"query-input":{"@type":"PropertyValueSpecification","valueRequired":true,"valueName":"search_term_string"}}],"inLanguage":"it-IT"},{"@type":"Person","@id":"https:\/\/victoriadelgeniesse.com\/it\/#\/schema\/person\/2a5dc88dac2bfd86c14904b3a23e4dd9","name":"kjaniky","image":{"@type":"ImageObject","inLanguage":"it-IT","@id":"https:\/\/secure.gravatar.com\/avatar\/9eb72dee76a5d90c6ac734d463a1f7cc3c3beef2d7f12a6e995268d3968b93c5?s=96&d=mm&r=g","url":"https:\/\/secure.gravatar.com\/avatar\/9eb72dee76a5d90c6ac734d463a1f7cc3c3beef2d7f12a6e995268d3968b93c5?s=96&d=mm&r=g","contentUrl":"https:\/\/secure.gravatar.com\/avatar\/9eb72dee76a5d90c6ac734d463a1f7cc3c3beef2d7f12a6e995268d3968b93c5?s=96&d=mm&r=g","caption":"kjaniky"},"sameAs":["https:\/\/victoriav2.boostartisanat.com"],"url":"https:\/\/victoriadelgeniesse.com\/it\/author\/kjaniky\/"}]}},"_links":{"self":[{"href":"https:\/\/victoriadelgeniesse.com\/it\/wp-json\/wp\/v2\/posts\/1729","targetHints":{"allow":["GET"]}}],"collection":[{"href":"https:\/\/victoriadelgeniesse.com\/it\/wp-json\/wp\/v2\/posts"}],"about":[{"href":"https:\/\/victoriadelgeniesse.com\/it\/wp-json\/wp\/v2\/types\/post"}],"author":[{"embeddable":true,"href":"https:\/\/victoriadelgeniesse.com\/it\/wp-json\/wp\/v2\/users\/1"}],"replies":[{"embeddable":true,"href":"https:\/\/victoriadelgeniesse.com\/it\/wp-json\/wp\/v2\/comments?post=1729"}],"version-history":[{"count":4,"href":"https:\/\/victoriadelgeniesse.com\/it\/wp-json\/wp\/v2\/posts\/1729\/revisions"}],"predecessor-version":[{"id":1775,"href":"https:\/\/victoriadelgeniesse.com\/it\/wp-json\/wp\/v2\/posts\/1729\/revisions\/1775"}],"wp:featuredmedia":[{"embeddable":true,"href":"https:\/\/victoriadelgeniesse.com\/it\/wp-json\/wp\/v2\/media\/1730"}],"wp:attachment":[{"href":"https:\/\/victoriadelgeniesse.com\/it\/wp-json\/wp\/v2\/media?parent=1729"}],"wp:term":[{"taxonomy":"category","embeddable":true,"href":"https:\/\/victoriadelgeniesse.com\/it\/wp-json\/wp\/v2\/categories?post=1729"},{"taxonomy":"post_tag","embeddable":true,"href":"https:\/\/victoriadelgeniesse.com\/it\/wp-json\/wp\/v2\/tags?post=1729"}],"curies":[{"name":"wp","href":"https:\/\/api.w.org\/{rel}","templated":true}]}}