{"id":1732,"date":"2024-06-07T16:48:53","date_gmt":"2024-06-07T16:48:53","guid":{"rendered":"https:\/\/victoriadelgeniesse.com\/senza-categoria\/1732\/"},"modified":"2026-02-22T11:02:50","modified_gmt":"2026-02-22T11:02:50","slug":"1732","status":"publish","type":"post","link":"https:\/\/victoriadelgeniesse.com\/it\/senza-categoria\/1732\/","title":{"rendered":""},"content":{"rendered":"<p>[et_pb_section fb_built=&#8221;1&#8243; theme_builder_area=&#8221;post_content&#8221; _builder_version=&#8221;4.25.0&#8243; _module_preset=&#8221;default&#8221;][\/et_pb_section][et_pb_section fb_built=&#8221;1&#8243; custom_padding_last_edited=&#8221;on|phone&#8221; _builder_version=&#8221;4.25.0&#8243; _module_preset=&#8221;default&#8221; custom_padding=&#8221;70px|20px|70px|20px|false|false&#8221; custom_padding_tablet=&#8221;40px||40px||false|false&#8221; custom_padding_phone=&#8221;0px||0px||false|false&#8221; global_colors_info=&#8221;{}&#8221; locked=&#8221;off&#8221; theme_builder_area=&#8221;post_content&#8221;][et_pb_row _builder_version=&#8221;4.25.0&#8243; _module_preset=&#8221;default&#8221; global_colors_info=&#8221;{}&#8221; theme_builder_area=&#8221;post_content&#8221;][et_pb_column type=&#8221;4_4&#8243; _builder_version=&#8221;4.25.0&#8243; _module_preset=&#8221;default&#8221; global_colors_info=&#8221;{}&#8221; theme_builder_area=&#8221;post_content&#8221;][et_pb_post_title meta=&#8221;off&#8221; featured_image=&#8221;off&#8221; _builder_version=&#8221;4.25.0&#8243; _module_preset=&#8221;default&#8221; title_font=&#8221;|700|||||||&#8221; title_font_size=&#8221;30px&#8221; title_font_size_tablet=&#8221;30px&#8221; title_font_size_phone=&#8221;24px&#8221; title_font_size_last_edited=&#8221;on|phone&#8221; global_colors_info=&#8221;{}&#8221; theme_builder_area=&#8221;post_content&#8221;][\/et_pb_post_title][et_pb_text _builder_version=&#8221;4.25.0&#8243; _module_preset=&#8221;default&#8221; header_2_font=&#8221;Shadows Into Light||||||||&#8221; header_2_text_color=&#8221;#FF0000&#8243; header_2_font_size=&#8221;30px&#8221; hover_enabled=&#8221;0&#8243; global_colors_info=&#8221;{}&#8221; theme_builder_area=&#8221;post_content&#8221; sticky_enabled=&#8221;0&#8243;]<\/p>\n<header class=\"post-header\">\n<div class=\"post-heading\"><\/div>\n<\/header>\n<div class=\"content-article entry-content\">\n<div class=\"vc_row wpb_row vc_row-fluid et_custom_uniqid_666339ae71328 mpc-row\">\n<div class=\"wpb_column vc_column_container vc_col-sm-12 et_custom_uniqid_666339ae712f7 mpc-column\" data-column-id=\"mpc_column-53666339ae9ebe0\">\n<div class=\"vc_column-inner\">\n<div class=\"wpb_wrapper\">\n<div class=\"vc_separator wpb_content_element vc_separator_align_center vc_sep_width_30 vc_sep_border_width_2 vc_sep_pos_align_left vc_separator_no_text  align-align_left align-align_left\"><\/div>\n<div class=\"wpb_text_column wpb_content_element \">\n<div class=\"wpb_wrapper\">\n<blockquote>\n<p><span>Nous passons la plupart de notre temps au travail. Assis \u00e0 un bureau pour la majorit\u00e9 des gens.\u00a0<\/span><\/p>\n<\/blockquote>\n<p><span>On accorde de l\u2019importance \u00e0 la d\u00e9coration de son salon, on veut se sentir bien chez-soi ou du moins de plus en plus, mais le bureau alors\u00a0? Vous allez dire, \u00e7a ne d\u00e9pend pas toujours de vous.\u00a0<\/span><\/p>\n<p><span>Il existe un lien \u00e9troit entre l\u2019espace de travail, son impact sur l\u2019occupant et sa productivit\u00e9 \u2013 aussi bien positivement que n\u00e9gativement. Une personne satisfaite du confort physique et esth\u00e9tique de son environnement de travail se trouve dans de meilleures conditions et est donc plus dispos\u00e9 \u00e0 fournir un travail de qualit\u00e9 avec des r\u00e9sultats qui se feront ressentir aussi bien pour son propre bien \u00eatre qu\u2019au niveau de ses performances dans l\u2019entreprise.\u00a0<\/span><\/p>\n<blockquote>\n<p><span>Mais nos soci\u00e9t\u00e9s \u00e9voluent et notre mani\u00e8re de travailler aussi.\u00a0<\/span><\/p>\n<\/blockquote>\n<p><span>Notre paysage professionnel change tout comme notre rythme et nos habitudes. Les bureaux prennent d\u2019autres formes, ils s\u2019adaptent, tout comme nous, cr\u00e9ateurs d\u2019espaces, nous devons faire face \u00e0 ces changements.\u00a0<\/span><\/p>\n<p><span>Les open-spaces se r\u00e9inventent, on alterne bureaux priv\u00e9s, bureaux partag\u00e9s, espaces conviviaux, on a besoin de contact mais \u00e0 la fois un espace \u00e0 soi. Chacun doit y trouver son compte dans le but de cr\u00e9er une vraie ambiance collaborative, propice \u00e0 la cr\u00e9ativit\u00e9 et \u00e0 la productivit\u00e9, favorisant le bien-\u00eatre et le communication.\u00a0<\/span><\/p>\n<p><span>Les espaces se v\u00e9g\u00e9talisent toujours pour am\u00e9liorer la sant\u00e9 et la productivit\u00e9 de ses occupants\u00a0: toit-terrasse, hall d\u2019entr\u00e9e, murs v\u00e9g\u00e9taux, carr\u00e9 de jardin int\u00e9rieur,..\u00a0\u00a0<\/span>(<em>article sur la biophilie et ses bienfaits \u00e0 venir !<\/em><\/p>\n<p><span>A la maison c\u2019est une autre histoire. Le t\u00e9l\u00e9travail est devenu affaire courante, beaucoup y ont pris go\u00fbt, c\u2019est \u00e0 pr\u00e9sent devenu un choix. Mais si ce changement est positif pour certains, d\u2019autres ont encore beaucoup de mal \u00e0 introduire la notion de travail \u00e0 leur espace priv\u00e9.\u00a0<\/span><\/p>\n<p><span>Par manque d\u2019espace ou d\u2019id\u00e9e, on se retrouve \u00e0 squatter la table de la cuisine. On oublie un peu notre confort, on se laisse entrainer dans le train-train quotidien et on en oublie qu\u2019on passe la majeur partie de notre temps dans un espace qui fondamentalement ne nous convient pas.\u00a0<\/span><\/p>\n<p><span>J\u2019ai envie de tirer la sonnette d\u2019alarme\u00a0! Vous n\u2019imaginez pas l\u2019impact que cette n\u00e9gligence de votre environnement peut avoir sur votre sant\u00e9 physique et mentale et dans votre vie en g\u00e9n\u00e9ral.\u00a0<\/span><\/p>\n<p><span>Posez-vous les bonnes questions\u00a0: est-ce que mon espace bureau est bien s\u00e9par\u00e9 de mon espace de vie priv\u00e9\u00a0? Y-a-t-il assez de lumi\u00e8re\u00a0? Ma chaise est-elle confortable\u00a0? Est-ce que j\u2019ai envie de m\u2019installer \u00e0 mon bureau le matin\u00a0? Est-ce qu\u2019il m\u2019attire visuellement\u00a0?\u00a0<\/span><\/p>\n<p><span>Peu importe que vous viviez dans un studio, un appartement, en colloque ou que vous ayez m\u00eame une pi\u00e8ce bureau dans laquelle vous n\u2019aimez pas aller.\u00a0<\/span><\/p>\n<p><span>Commencez par faire un bilan bien-\u00eatre et si vous n\u2019arrivez pas \u00e0 vous mettre en route, demandez l\u2019avis \u00e0 vos proches ou optez pour une consultation par t\u00e9l\u00e9phone ou un diagnostic bien-\u00eatre avec un professionnel pour vous aider \u00e0 enclencher le mouvement, vous donner quelques id\u00e9es, une impulsion.\u00a0<\/span><\/p>\n<p><span>Si vous d\u00e9sirez aller plus loin o\u00f9 directement confier la mission \u00e0 un tiers, optez alors pour le coaching d\u00e9co dans lequel vous pourrez vous fixer un budget tout en avan\u00e7ant \u00e0 votre rythme en sachant o\u00f9 vous allez.\u00a0<\/span><\/p>\n<p><em>Un article sur l\u2019am\u00e9nagement de son bureau \u00e0 la maison est \u00e9galement en r\u00e9daction..<\/em><\/p>\n<p><span>Cet article vous a plu\u00a0?\u00a0<\/span><\/p>\n<p><span>N\u2019h\u00e9sitez pas \u00e0 laisser vos impressions en commentaire et \u00e0 vous abonner pour plus d\u2019articles\u00a0<\/span><span>\u263a<\/span><\/p>\n<\/div>\n<\/div>\n<\/div>\n<\/div>\n<\/div>\n<\/div>\n<\/div>\n<p>[\/et_pb_text][\/et_pb_column][\/et_pb_row][\/et_pb_section]<\/p>\n","protected":false},"excerpt":{"rendered":"<p>Nous passons la plupart de notre temps au travail. Assis \u00e0 un bureau pour la majorit\u00e9 des gens.\u00a0 On accorde de l\u2019importance \u00e0 la d\u00e9coration de son salon, on veut se sentir bien chez-soi ou du moins de plus en plus, mais le bureau alors\u00a0? Vous allez dire, \u00e7a ne d\u00e9pend pas toujours de vous.\u00a0 [&hellip;]<\/p>\n","protected":false},"author":1,"featured_media":1733,"comment_status":"open","ping_status":"open","sticky":false,"template":"","format":"standard","meta":{"_et_pb_use_builder":"on","_et_pb_old_content":"","_et_gb_content_width":"","footnotes":""},"categories":[10],"tags":[],"class_list":["post-1732","post","type-post","status-publish","format-standard","has-post-thumbnail","hentry","category-senza-categoria"],"yoast_head":"<!-- This site is optimized with the Yoast SEO plugin v27.5 - https:\/\/yoast.com\/product\/yoast-seo-wordpress\/ -->\n<title>- Victoria Delgeniesse<\/title>\n<meta name=\"robots\" content=\"index, follow, max-snippet:-1, max-image-preview:large, max-video-preview:-1\" \/>\n<link rel=\"canonical\" href=\"https:\/\/victoriadelgeniesse.com\/it\/senza-categoria\/1732\/\" \/>\n<meta property=\"og:locale\" content=\"it_IT\" \/>\n<meta property=\"og:type\" content=\"article\" \/>\n<meta property=\"og:title\" content=\"- Victoria Delgeniesse\" \/>\n<meta property=\"og:description\" content=\"Nous passons la plupart de notre temps au travail. Assis \u00e0 un bureau pour la majorit\u00e9 des gens.\u00a0 On accorde de l\u2019importance \u00e0 la d\u00e9coration de son salon, on veut se sentir bien chez-soi ou du moins de plus en plus, mais le bureau alors\u00a0? Vous allez dire, \u00e7a ne d\u00e9pend pas toujours de vous.\u00a0 [&hellip;]\" \/>\n<meta property=\"og:url\" content=\"https:\/\/victoriadelgeniesse.com\/it\/senza-categoria\/1732\/\" \/>\n<meta property=\"og:site_name\" content=\"Victoria Delgeniesse\" \/>\n<meta property=\"article:published_time\" content=\"2024-06-07T16:48:53+00:00\" \/>\n<meta property=\"article:modified_time\" content=\"2026-02-22T11:02:50+00:00\" \/>\n<meta property=\"og:image\" content=\"https:\/\/victoriadelgeniesse.com\/wp-content\/uploads\/2024\/06\/Sans-titre-1.png\" \/>\n\t<meta property=\"og:image:width\" content=\"768\" \/>\n\t<meta property=\"og:image:height\" content=\"1024\" \/>\n\t<meta property=\"og:image:type\" content=\"image\/png\" \/>\n<meta name=\"author\" content=\"kjaniky\" \/>\n<meta name=\"twitter:card\" content=\"summary_large_image\" \/>\n<meta name=\"twitter:label1\" content=\"Scritto da\" \/>\n\t<meta name=\"twitter:data1\" content=\"kjaniky\" \/>\n\t<meta name=\"twitter:label2\" content=\"Tempo di lettura stimato\" \/>\n\t<meta name=\"twitter:data2\" content=\"4 minuti\" \/>\n<script type=\"application\/ld+json\" class=\"yoast-schema-graph\">{\"@context\":\"https:\\\/\\\/schema.org\",\"@graph\":[{\"@type\":\"Article\",\"@id\":\"https:\\\/\\\/victoriadelgeniesse.com\\\/it\\\/senza-categoria\\\/1732\\\/#article\",\"isPartOf\":{\"@id\":\"https:\\\/\\\/victoriadelgeniesse.com\\\/it\\\/senza-categoria\\\/1732\\\/\"},\"author\":{\"name\":\"kjaniky\",\"@id\":\"https:\\\/\\\/victoriadelgeniesse.com\\\/it\\\/#\\\/schema\\\/person\\\/2a5dc88dac2bfd86c14904b3a23e4dd9\"},\"headline\":\"Nessun titolo\",\"datePublished\":\"2024-06-07T16:48:53+00:00\",\"dateModified\":\"2026-02-22T11:02:50+00:00\",\"mainEntityOfPage\":{\"@id\":\"https:\\\/\\\/victoriadelgeniesse.com\\\/it\\\/senza-categoria\\\/1732\\\/\"},\"wordCount\":816,\"commentCount\":0,\"image\":{\"@id\":\"https:\\\/\\\/victoriadelgeniesse.com\\\/it\\\/senza-categoria\\\/1732\\\/#primaryimage\"},\"thumbnailUrl\":\"https:\\\/\\\/victoriadelgeniesse.com\\\/wp-content\\\/uploads\\\/2024\\\/06\\\/Sans-titre-1.png\",\"inLanguage\":\"it-IT\",\"potentialAction\":[{\"@type\":\"CommentAction\",\"name\":\"Comment\",\"target\":[\"https:\\\/\\\/victoriadelgeniesse.com\\\/it\\\/senza-categoria\\\/1732\\\/#respond\"]}]},{\"@type\":\"WebPage\",\"@id\":\"https:\\\/\\\/victoriadelgeniesse.com\\\/it\\\/senza-categoria\\\/1732\\\/\",\"url\":\"https:\\\/\\\/victoriadelgeniesse.com\\\/it\\\/senza-categoria\\\/1732\\\/\",\"name\":\"- Victoria Delgeniesse\",\"isPartOf\":{\"@id\":\"https:\\\/\\\/victoriadelgeniesse.com\\\/it\\\/#website\"},\"primaryImageOfPage\":{\"@id\":\"https:\\\/\\\/victoriadelgeniesse.com\\\/it\\\/senza-categoria\\\/1732\\\/#primaryimage\"},\"image\":{\"@id\":\"https:\\\/\\\/victoriadelgeniesse.com\\\/it\\\/senza-categoria\\\/1732\\\/#primaryimage\"},\"thumbnailUrl\":\"https:\\\/\\\/victoriadelgeniesse.com\\\/wp-content\\\/uploads\\\/2024\\\/06\\\/Sans-titre-1.png\",\"datePublished\":\"2024-06-07T16:48:53+00:00\",\"dateModified\":\"2026-02-22T11:02:50+00:00\",\"author\":{\"@id\":\"https:\\\/\\\/victoriadelgeniesse.com\\\/it\\\/#\\\/schema\\\/person\\\/2a5dc88dac2bfd86c14904b3a23e4dd9\"},\"inLanguage\":\"it-IT\",\"potentialAction\":[{\"@type\":\"ReadAction\",\"target\":[\"https:\\\/\\\/victoriadelgeniesse.com\\\/it\\\/senza-categoria\\\/1732\\\/\"]}]},{\"@type\":\"ImageObject\",\"inLanguage\":\"it-IT\",\"@id\":\"https:\\\/\\\/victoriadelgeniesse.com\\\/it\\\/senza-categoria\\\/1732\\\/#primaryimage\",\"url\":\"https:\\\/\\\/victoriadelgeniesse.com\\\/wp-content\\\/uploads\\\/2024\\\/06\\\/Sans-titre-1.png\",\"contentUrl\":\"https:\\\/\\\/victoriadelgeniesse.com\\\/wp-content\\\/uploads\\\/2024\\\/06\\\/Sans-titre-1.png\",\"width\":768,\"height\":1024},{\"@type\":\"WebSite\",\"@id\":\"https:\\\/\\\/victoriadelgeniesse.com\\\/it\\\/#website\",\"url\":\"https:\\\/\\\/victoriadelgeniesse.com\\\/it\\\/\",\"name\":\"Victoria Delgeniesse\",\"description\":\"Ve Atelier: Architecture d&#039;int\u00e9rieur holistique \u00e0 Bruxelles\",\"potentialAction\":[{\"@type\":\"SearchAction\",\"target\":{\"@type\":\"EntryPoint\",\"urlTemplate\":\"https:\\\/\\\/victoriadelgeniesse.com\\\/it\\\/?s={search_term_string}\"},\"query-input\":{\"@type\":\"PropertyValueSpecification\",\"valueRequired\":true,\"valueName\":\"search_term_string\"}}],\"inLanguage\":\"it-IT\"},{\"@type\":\"Person\",\"@id\":\"https:\\\/\\\/victoriadelgeniesse.com\\\/it\\\/#\\\/schema\\\/person\\\/2a5dc88dac2bfd86c14904b3a23e4dd9\",\"name\":\"kjaniky\",\"image\":{\"@type\":\"ImageObject\",\"inLanguage\":\"it-IT\",\"@id\":\"https:\\\/\\\/secure.gravatar.com\\\/avatar\\\/9eb72dee76a5d90c6ac734d463a1f7cc3c3beef2d7f12a6e995268d3968b93c5?s=96&d=mm&r=g\",\"url\":\"https:\\\/\\\/secure.gravatar.com\\\/avatar\\\/9eb72dee76a5d90c6ac734d463a1f7cc3c3beef2d7f12a6e995268d3968b93c5?s=96&d=mm&r=g\",\"contentUrl\":\"https:\\\/\\\/secure.gravatar.com\\\/avatar\\\/9eb72dee76a5d90c6ac734d463a1f7cc3c3beef2d7f12a6e995268d3968b93c5?s=96&d=mm&r=g\",\"caption\":\"kjaniky\"},\"sameAs\":[\"https:\\\/\\\/victoriav2.boostartisanat.com\"],\"url\":\"https:\\\/\\\/victoriadelgeniesse.com\\\/it\\\/author\\\/kjaniky\\\/\"}]}<\/script>\n<!-- \/ Yoast SEO plugin. -->","yoast_head_json":{"title":"- Victoria Delgeniesse","robots":{"index":"index","follow":"follow","max-snippet":"max-snippet:-1","max-image-preview":"max-image-preview:large","max-video-preview":"max-video-preview:-1"},"canonical":"https:\/\/victoriadelgeniesse.com\/it\/senza-categoria\/1732\/","og_locale":"it_IT","og_type":"article","og_title":"- Victoria Delgeniesse","og_description":"Nous passons la plupart de notre temps au travail. Assis \u00e0 un bureau pour la majorit\u00e9 des gens.\u00a0 On accorde de l\u2019importance \u00e0 la d\u00e9coration de son salon, on veut se sentir bien chez-soi ou du moins de plus en plus, mais le bureau alors\u00a0? Vous allez dire, \u00e7a ne d\u00e9pend pas toujours de vous.\u00a0 [&hellip;]","og_url":"https:\/\/victoriadelgeniesse.com\/it\/senza-categoria\/1732\/","og_site_name":"Victoria Delgeniesse","article_published_time":"2024-06-07T16:48:53+00:00","article_modified_time":"2026-02-22T11:02:50+00:00","og_image":[{"width":768,"height":1024,"url":"https:\/\/victoriadelgeniesse.com\/wp-content\/uploads\/2024\/06\/Sans-titre-1.png","type":"image\/png"}],"author":"kjaniky","twitter_card":"summary_large_image","twitter_misc":{"Scritto da":"kjaniky","Tempo di lettura stimato":"4 minuti"},"schema":{"@context":"https:\/\/schema.org","@graph":[{"@type":"Article","@id":"https:\/\/victoriadelgeniesse.com\/it\/senza-categoria\/1732\/#article","isPartOf":{"@id":"https:\/\/victoriadelgeniesse.com\/it\/senza-categoria\/1732\/"},"author":{"name":"kjaniky","@id":"https:\/\/victoriadelgeniesse.com\/it\/#\/schema\/person\/2a5dc88dac2bfd86c14904b3a23e4dd9"},"headline":"Nessun titolo","datePublished":"2024-06-07T16:48:53+00:00","dateModified":"2026-02-22T11:02:50+00:00","mainEntityOfPage":{"@id":"https:\/\/victoriadelgeniesse.com\/it\/senza-categoria\/1732\/"},"wordCount":816,"commentCount":0,"image":{"@id":"https:\/\/victoriadelgeniesse.com\/it\/senza-categoria\/1732\/#primaryimage"},"thumbnailUrl":"https:\/\/victoriadelgeniesse.com\/wp-content\/uploads\/2024\/06\/Sans-titre-1.png","inLanguage":"it-IT","potentialAction":[{"@type":"CommentAction","name":"Comment","target":["https:\/\/victoriadelgeniesse.com\/it\/senza-categoria\/1732\/#respond"]}]},{"@type":"WebPage","@id":"https:\/\/victoriadelgeniesse.com\/it\/senza-categoria\/1732\/","url":"https:\/\/victoriadelgeniesse.com\/it\/senza-categoria\/1732\/","name":"- Victoria Delgeniesse","isPartOf":{"@id":"https:\/\/victoriadelgeniesse.com\/it\/#website"},"primaryImageOfPage":{"@id":"https:\/\/victoriadelgeniesse.com\/it\/senza-categoria\/1732\/#primaryimage"},"image":{"@id":"https:\/\/victoriadelgeniesse.com\/it\/senza-categoria\/1732\/#primaryimage"},"thumbnailUrl":"https:\/\/victoriadelgeniesse.com\/wp-content\/uploads\/2024\/06\/Sans-titre-1.png","datePublished":"2024-06-07T16:48:53+00:00","dateModified":"2026-02-22T11:02:50+00:00","author":{"@id":"https:\/\/victoriadelgeniesse.com\/it\/#\/schema\/person\/2a5dc88dac2bfd86c14904b3a23e4dd9"},"inLanguage":"it-IT","potentialAction":[{"@type":"ReadAction","target":["https:\/\/victoriadelgeniesse.com\/it\/senza-categoria\/1732\/"]}]},{"@type":"ImageObject","inLanguage":"it-IT","@id":"https:\/\/victoriadelgeniesse.com\/it\/senza-categoria\/1732\/#primaryimage","url":"https:\/\/victoriadelgeniesse.com\/wp-content\/uploads\/2024\/06\/Sans-titre-1.png","contentUrl":"https:\/\/victoriadelgeniesse.com\/wp-content\/uploads\/2024\/06\/Sans-titre-1.png","width":768,"height":1024},{"@type":"WebSite","@id":"https:\/\/victoriadelgeniesse.com\/it\/#website","url":"https:\/\/victoriadelgeniesse.com\/it\/","name":"Victoria Delgeniesse","description":"Ve Atelier: Architecture d&#039;int\u00e9rieur holistique \u00e0 Bruxelles","potentialAction":[{"@type":"SearchAction","target":{"@type":"EntryPoint","urlTemplate":"https:\/\/victoriadelgeniesse.com\/it\/?s={search_term_string}"},"query-input":{"@type":"PropertyValueSpecification","valueRequired":true,"valueName":"search_term_string"}}],"inLanguage":"it-IT"},{"@type":"Person","@id":"https:\/\/victoriadelgeniesse.com\/it\/#\/schema\/person\/2a5dc88dac2bfd86c14904b3a23e4dd9","name":"kjaniky","image":{"@type":"ImageObject","inLanguage":"it-IT","@id":"https:\/\/secure.gravatar.com\/avatar\/9eb72dee76a5d90c6ac734d463a1f7cc3c3beef2d7f12a6e995268d3968b93c5?s=96&d=mm&r=g","url":"https:\/\/secure.gravatar.com\/avatar\/9eb72dee76a5d90c6ac734d463a1f7cc3c3beef2d7f12a6e995268d3968b93c5?s=96&d=mm&r=g","contentUrl":"https:\/\/secure.gravatar.com\/avatar\/9eb72dee76a5d90c6ac734d463a1f7cc3c3beef2d7f12a6e995268d3968b93c5?s=96&d=mm&r=g","caption":"kjaniky"},"sameAs":["https:\/\/victoriav2.boostartisanat.com"],"url":"https:\/\/victoriadelgeniesse.com\/it\/author\/kjaniky\/"}]}},"_links":{"self":[{"href":"https:\/\/victoriadelgeniesse.com\/it\/wp-json\/wp\/v2\/posts\/1732","targetHints":{"allow":["GET"]}}],"collection":[{"href":"https:\/\/victoriadelgeniesse.com\/it\/wp-json\/wp\/v2\/posts"}],"about":[{"href":"https:\/\/victoriadelgeniesse.com\/it\/wp-json\/wp\/v2\/types\/post"}],"author":[{"embeddable":true,"href":"https:\/\/victoriadelgeniesse.com\/it\/wp-json\/wp\/v2\/users\/1"}],"replies":[{"embeddable":true,"href":"https:\/\/victoriadelgeniesse.com\/it\/wp-json\/wp\/v2\/comments?post=1732"}],"version-history":[{"count":1,"href":"https:\/\/victoriadelgeniesse.com\/it\/wp-json\/wp\/v2\/posts\/1732\/revisions"}],"predecessor-version":[{"id":1734,"href":"https:\/\/victoriadelgeniesse.com\/it\/wp-json\/wp\/v2\/posts\/1732\/revisions\/1734"}],"wp:featuredmedia":[{"embeddable":true,"href":"https:\/\/victoriadelgeniesse.com\/it\/wp-json\/wp\/v2\/media\/1733"}],"wp:attachment":[{"href":"https:\/\/victoriadelgeniesse.com\/it\/wp-json\/wp\/v2\/media?parent=1732"}],"wp:term":[{"taxonomy":"category","embeddable":true,"href":"https:\/\/victoriadelgeniesse.com\/it\/wp-json\/wp\/v2\/categories?post=1732"},{"taxonomy":"post_tag","embeddable":true,"href":"https:\/\/victoriadelgeniesse.com\/it\/wp-json\/wp\/v2\/tags?post=1732"}],"curies":[{"name":"wp","href":"https:\/\/api.w.org\/{rel}","templated":true}]}}